{"id":2197,"date":"2024-08-08T15:42:09","date_gmt":"2024-08-08T12:42:09","guid":{"rendered":"https:\/\/thegidon.com\/tr\/?p=2197"},"modified":"2024-08-08T16:29:26","modified_gmt":"2024-08-08T13:29:26","slug":"tabaklarduzu-dag-bisikleti-turu","status":"publish","type":"post","link":"https:\/\/thegidon.com\/tr\/2024\/08\/08\/tabaklarduzu-dag-bisikleti-turu\/","title":{"rendered":"Tabaklard\u00fcz\u00fc Da\u011f Bisikleti Turu"},"content":{"rendered":"<div class=\"fusion-fullwidth fullwidth-box fusion-builder-row-1 fusion-flex-container has-pattern-background has-mask-background nonhundred-percent-fullwidth non-hundred-percent-height-scrolling\" style=\"--awb-border-radius-top-left:0px;--awb-border-radius-top-right:0px;--awb-border-radius-bottom-right:0px;--awb-border-radius-bottom-left:0px;--awb-flex-wrap:wrap;\" ><div class=\"fusion-builder-row fusion-row fusion-flex-align-items-flex-start fusion-flex-content-wrap\" style=\"max-width:1302px;margin-left: calc(-5% \/ 2 );margin-right: calc(-5% \/ 2 );\"><div class=\"fusion-layout-column fusion_builder_column fusion-builder-column-0 fusion_builder_column_1_1 1_1 fusion-flex-column\" style=\"--awb-bg-size:cover;--awb-width-large:100%;--awb-margin-top-large:0px;--awb-spacing-right-large:2.375%;--awb-margin-bottom-large:0px;--awb-spacing-left-large:2.375%;--awb-width-medium:100%;--awb-order-medium:0;--awb-spacing-right-medium:2.375%;--awb-spacing-left-medium:2.375%;--awb-width-small:100%;--awb-order-small:0;--awb-spacing-right-small:2.375%;--awb-spacing-left-small:2.375%;\"><div class=\"fusion-column-wrapper fusion-column-has-shadow fusion-flex-justify-content-flex-start fusion-content-layout-column\"><div class=\"fusion-text fusion-text-1\"><p>Umurbey\u2019in yerle\u015fti\u011fi alan\u0131n ge\u00e7mi\u015fi M.\u00d6. 6-5. y\u00fczy\u0131llara kadar indirilmekte ve bu civardaki Antik Perkote, Umurbey\u2019in gerisinde tepenin \u00fczerindeki Tabaklar Mahallesi\u2019ne yerle\u015ftirilmektedir. Tabaklar Mahallesi\u2019ndeki y\u00fczey ara\u015ft\u0131rmalar\u0131nda kar\u015f\u0131la\u015f\u0131lan arkeoloijk bulgular, buradaki iskan\u0131n Bizans ve Osmanl\u0131 devirlerine kadar devam etti\u011fine dair ip u\u00e7lar\u0131 vermektedir. Roma d\u00f6neminde Hellespontus b\u00f6lgesi olarak adland\u0131r\u0131lan ve bo\u011faz\u0131n Anadolu yakas\u0131n\u0131 kapsayan Troas y\u00f6resi, Bizans d\u00f6neminde \u00f6nce Opsikion themas\u0131 (M.S. 7.yy.ilk \u00e7eyre\u011fi) arkas\u0131ndan Abydos themas\u0131 i\u00e7inde kalm\u0131\u015ft\u0131r. Dolay\u0131s\u0131yla Perkote de s\u00f6z\u00fc edilen themalar i\u00e7indeki yerle\u015fimlerden birisi olarak varl\u0131\u011f\u0131n\u0131 s\u00fcrd\u00fcrm\u00fc\u015f olmal\u0131d\u0131r. Umurbey\u2019deki H\u00fcdavendigar Camii\u2019nin bir kiliseden d\u00f6n\u00fc\u015ft\u00fcr\u00fcld\u00fc\u011f\u00fc dikkate al\u0131nacak olursa; Bizans devri yerle\u015fiminin, Tabaklar mahallesinden \u015fimdiki Umurbey\u2019in merkezine do\u011fru geli\u015fmi\u015f oldu\u011fu ileri s\u00fcr\u00fclebilir.<\/p>\n<p>Texier\u2019ye g\u00f6re; \u201c\u2026Homeros\u2019un bir\u00e7ok defa s\u00f6z\u00fcn\u00fc etti\u011fi Percote, Practius nehri \u00fczerinde Parium\u2019dan \u00fc\u00e7y\u00fcz stade mesafedeydi. Denize yak\u0131n bulunan \u015fehir, zannedildi\u011fine g\u00f6re Roma imparatorlu\u011funun son g\u00fcnlerine kadar kalm\u0131\u015ft\u0131.<\/p>\n<p>Umurbey Belde\u2019nin en eski mahallesi, bir zamanlar tabakhanelerin bulundu\u011fu Tabaklar Mahallesidir. S\u0131ras\u0131yla Umurbey Mahallesi, H\u00fcdavendigar Mahallesi ve bir zamanlar kad\u0131lar\u0131n oturdu\u011fu Kad\u0131 Mahallesi gelmektedir.<\/p>\n<p>Tabakhane, deri tabaklanan fabrikad\u0131r. Herhangi bir hayvana ait deri, tabakhaneye ham h\u00e2lde (ya\u015f veya tuzlanm\u0131\u015f olarak) gelir ve tabaklama i\u015flemi sonras\u0131 fabrikadan \u00e7\u0131kar. Deri tabaklamas\u0131nda esas, derinin organik bir nesneden, kullan\u0131m ve imalata uygun mam\u00fcl h\u00e2line \u00e7evrilmesidir.<\/p>\n<p>Tabakhane debba\u011fhaneden gelen bir kelimedir. Debba\u011f eski dilde deri i\u015fleyen ki\u015fiye verilen isimdi, bu i\u015fin yap\u0131ld\u0131\u011f\u0131 yerede debba\u011fhane denilirdi. G\u00fcn\u00fcm\u00fcze ise bu kelime tabakhane olarak gelmi\u015ftir.<\/p>\n<\/div><\/div><\/div><\/div><\/div>\n","protected":false},"excerpt":{"rendered":"","protected":false},"author":2,"featured_media":0,"comment_status":"open","ping_status":"open","sticky":false,"template":"","format":"standard","meta":{"footnotes":""},"categories":[81],"tags":[],"class_list":["post-2197","post","type-post","status-publish","format-standard","hentry","category-rotalar"],"_links":{"self":[{"href":"https:\/\/thegidon.com\/tr\/wp-json\/wp\/v2\/posts\/2197","targetHints":{"allow":["GET"]}}],"collection":[{"href":"https:\/\/thegidon.com\/tr\/wp-json\/wp\/v2\/posts"}],"about":[{"href":"https:\/\/thegidon.com\/tr\/wp-json\/wp\/v2\/types\/post"}],"author":[{"embeddable":true,"href":"https:\/\/thegidon.com\/tr\/wp-json\/wp\/v2\/users\/2"}],"replies":[{"embeddable":true,"href":"https:\/\/thegidon.com\/tr\/wp-json\/wp\/v2\/comments?post=2197"}],"version-history":[{"count":1,"href":"https:\/\/thegidon.com\/tr\/wp-json\/wp\/v2\/posts\/2197\/revisions"}],"predecessor-version":[{"id":2198,"href":"https:\/\/thegidon.com\/tr\/wp-json\/wp\/v2\/posts\/2197\/revisions\/2198"}],"wp:attachment":[{"href":"https:\/\/thegidon.com\/tr\/wp-json\/wp\/v2\/media?parent=2197"}],"wp:term":[{"taxonomy":"category","embeddable":true,"href":"https:\/\/thegidon.com\/tr\/wp-json\/wp\/v2\/categories?post=2197"},{"taxonomy":"post_tag","embeddable":true,"href":"https:\/\/thegidon.com\/tr\/wp-json\/wp\/v2\/tags?post=2197"}],"curies":[{"name":"wp","href":"https:\/\/api.w.org\/{rel}","templated":true}]}}