{"id":2207,"date":"2024-08-20T11:54:10","date_gmt":"2024-08-20T08:54:10","guid":{"rendered":"https:\/\/thegidon.com\/tr\/?p=2207"},"modified":"2024-12-06T15:15:37","modified_gmt":"2024-12-06T12:15:37","slug":"hakkari-mtb-cup","status":"publish","type":"post","link":"https:\/\/thegidon.com\/tr\/2024\/08\/20\/hakkari-mtb-cup\/","title":{"rendered":"Hakkari MTB CUP"},"content":{"rendered":"<div class=\"fusion-fullwidth fullwidth-box fusion-builder-row-1 fusion-flex-container has-pattern-background has-mask-background nonhundred-percent-fullwidth non-hundred-percent-height-scrolling\" style=\"--awb-border-radius-top-left:0px;--awb-border-radius-top-right:0px;--awb-border-radius-bottom-right:0px;--awb-border-radius-bottom-left:0px;--awb-flex-wrap:wrap;\" ><div class=\"fusion-builder-row fusion-row fusion-flex-align-items-flex-start fusion-flex-content-wrap\" style=\"max-width:1302px;margin-left: calc(-5% \/ 2 );margin-right: calc(-5% \/ 2 );\"><div class=\"fusion-layout-column fusion_builder_column fusion-builder-column-0 fusion_builder_column_1_1 1_1 fusion-flex-column\" style=\"--awb-bg-size:cover;--awb-width-large:100%;--awb-margin-top-large:0px;--awb-spacing-right-large:2.375%;--awb-margin-bottom-large:0px;--awb-spacing-left-large:2.375%;--awb-width-medium:100%;--awb-order-medium:0;--awb-spacing-right-medium:2.375%;--awb-spacing-left-medium:2.375%;--awb-width-small:100%;--awb-order-small:0;--awb-spacing-right-small:2.375%;--awb-spacing-left-small:2.375%;\"><div class=\"fusion-column-wrapper fusion-column-has-shadow fusion-flex-justify-content-flex-start fusion-content-layout-column\"><div class=\"fusion-text fusion-text-1\"><p><strong>17-18 A\u011fustos<\/strong><\/p>\n<\/div><div class=\"fusion-text fusion-text-2\"><div><span data-darkreader-inline-color=\"\">T\u00fcrkiye Bisiklet Federasyonu\u2019nun faaliyetleri kapsam\u0131nda organize edilen yar\u0131\u015fmada, farkl\u0131 \u00fclkelerden 50\u2019ye yak\u0131n sporcu kat\u0131ld\u0131. Vali Vekili Bu\u011fra Karada\u011f\u2019\u0131n start\u0131yla ba\u015flayan yar\u0131\u015fma, Men Elite, Men Junior, Women Elite ve Women Junior olmak \u00fczere d\u00f6rt farkl\u0131 kategoride ger\u00e7ekle\u015ftirildi.<\/span><\/div>\n<div><\/div>\n<div><span data-darkreader-inline-color=\"\">Zorlu parkurlarda ger\u00e7ekle\u015fen bisiklet yar\u0131\u015f\u0131nda sporcular k\u0131yas\u0131ya bir m\u00fccadele sergiledi. 3100 metrelik parkurda toplam 22 tur atan sporcular aras\u0131nda, Men Elite kategorisinde Ufuk Baki Ta\u015f, Ayberk G\u00fcng\u00f6r, Burak Ba\u015fer; Men Junior kategorisinde Rassul Ruslan, \u00c7\u0131nar Serdaro\u011flu, Ilyas Rakh\u0131mov; Women Elite kategorisinde Ekin Erike, Melike Havva Yi\u011fit, Selcan Bahar Karabal ve Women Junior kategorisinde Zaam Yengeniya, L\u0131 Yuliya, Ay\u00e7a Erdo\u011fan yar\u0131\u015fmay\u0131 kazand\u0131.<\/span><\/div>\n<div><\/div>\n<div><span data-darkreader-inline-color=\"\">Yar\u0131\u015fma sonunda, kazanan sporculara \u00f6d\u00fcl ve madalyalar\u0131 takdim edildi. Vali Vekili Bu\u011fra Karada\u011f sporcular\u0131m\u0131z\u0131n g\u00f6sterdi\u011fi m\u00fccadeleyi takdir etti\u011fini belirtti ve organizasyonda eme\u011fi ge\u00e7en herkese te\u015fekk\u00fcrlerini iletti. Bu y\u0131lki Uluslararas\u0131 MTB Cup Kupas\u0131, Hakkari\u2019nin ev sahipli\u011finde ba\u015far\u0131yla tamamlanm\u0131\u015f oldu<\/span><\/div>\n<\/div><\/div><\/div><\/div><\/div>\n","protected":false},"excerpt":{"rendered":"","protected":false},"author":2,"featured_media":2964,"comment_status":"open","ping_status":"open","sticky":false,"template":"","format":"standard","meta":{"footnotes":""},"categories":[82],"tags":[83],"class_list":["post-2207","post","type-post","status-publish","format-standard","has-post-thumbnail","hentry","category-haber","tag-hakkari-mtb"],"_links":{"self":[{"href":"https:\/\/thegidon.com\/tr\/wp-json\/wp\/v2\/posts\/2207","targetHints":{"allow":["GET"]}}],"collection":[{"href":"https:\/\/thegidon.com\/tr\/wp-json\/wp\/v2\/posts"}],"about":[{"href":"https:\/\/thegidon.com\/tr\/wp-json\/wp\/v2\/types\/post"}],"author":[{"embeddable":true,"href":"https:\/\/thegidon.com\/tr\/wp-json\/wp\/v2\/users\/2"}],"replies":[{"embeddable":true,"href":"https:\/\/thegidon.com\/tr\/wp-json\/wp\/v2\/comments?post=2207"}],"version-history":[{"count":2,"href":"https:\/\/thegidon.com\/tr\/wp-json\/wp\/v2\/posts\/2207\/revisions"}],"predecessor-version":[{"id":2965,"href":"https:\/\/thegidon.com\/tr\/wp-json\/wp\/v2\/posts\/2207\/revisions\/2965"}],"wp:featuredmedia":[{"embeddable":true,"href":"https:\/\/thegidon.com\/tr\/wp-json\/wp\/v2\/media\/2964"}],"wp:attachment":[{"href":"https:\/\/thegidon.com\/tr\/wp-json\/wp\/v2\/media?parent=2207"}],"wp:term":[{"taxonomy":"category","embeddable":true,"href":"https:\/\/thegidon.com\/tr\/wp-json\/wp\/v2\/categories?post=2207"},{"taxonomy":"post_tag","embeddable":true,"href":"https:\/\/thegidon.com\/tr\/wp-json\/wp\/v2\/tags?post=2207"}],"curies":[{"name":"wp","href":"https:\/\/api.w.org\/{rel}","templated":true}]}}