{"id":224,"date":"2023-02-27T12:28:52","date_gmt":"2023-02-27T12:28:52","guid":{"rendered":"https:\/\/thegidon.com\/tr\/?p=224"},"modified":"2024-12-06T11:13:01","modified_gmt":"2024-12-06T08:13:01","slug":"bisiklet-gezisin-de-bulundurulmasi-gereken-aksesuarlar","status":"publish","type":"post","link":"https:\/\/thegidon.com\/tr\/2023\/02\/27\/bisiklet-gezisin-de-bulundurulmasi-gereken-aksesuarlar\/","title":{"rendered":"Bisiklet Gezisin de Bulundurulmas\u0131 Gereken Aksesuarlar"},"content":{"rendered":"<div class=\"fusion-fullwidth fullwidth-box fusion-builder-row-1 fusion-flex-container has-pattern-background has-mask-background nonhundred-percent-fullwidth non-hundred-percent-height-scrolling\" style=\"--awb-border-radius-top-left:0px;--awb-border-radius-top-right:0px;--awb-border-radius-bottom-right:0px;--awb-border-radius-bottom-left:0px;--awb-flex-wrap:wrap;\" ><div class=\"fusion-builder-row fusion-row fusion-flex-align-items-flex-start fusion-flex-content-wrap\" style=\"max-width:1302px;margin-left: calc(-5% \/ 2 );margin-right: calc(-5% \/ 2 );\"><div class=\"fusion-layout-column fusion_builder_column fusion-builder-column-0 fusion_builder_column_1_1 1_1 fusion-flex-column\" style=\"--awb-bg-size:cover;--awb-width-large:100%;--awb-margin-top-large:0px;--awb-spacing-right-large:100px;--awb-margin-bottom-large:0px;--awb-spacing-left-large:100px;--awb-width-medium:100%;--awb-order-medium:0;--awb-spacing-right-medium:100px;--awb-spacing-left-medium:100px;--awb-width-small:100%;--awb-order-small:0;--awb-spacing-right-small:2.375%;--awb-spacing-left-small:2.375%;\"><div class=\"fusion-column-wrapper fusion-column-has-shadow fusion-flex-justify-content-flex-start fusion-content-layout-column\"><div class=\"fusion-text fusion-text-1\"><p>Bisiklet gezisine \u00e7\u0131k\u0131ld\u0131\u011f\u0131 zaman can g\u00fcvenliniz i\u00e7in mutlaka bulundurman\u0131z gereken baz\u0131 aksesuarlar bulunmakta , bu aksesuarlar \u00f6zellikle gece s\u00fcr\u00fc\u015flerin de fark edile bilmeniz i\u00e7in\u00a0 , \u00f6nem arz etmekte .<\/p>\n<p><b>Far:<\/b> Bisikletin \u00f6n\u00fcnde, beyaz \u0131\u015f\u0131k verecek ve \u00f6n\u00fcn\u00fcz\u00fc ayd\u0131nlatacak .<\/p>\n<p><b>Arka I\u015f\u0131k veya Reflekt\u00f6r:<\/b>\u00a0Bisikletin arkas\u0131nda, k\u0131rm\u0131z\u0131 renkte \u0131\u015f\u0131k veren bir adet lamba veya k\u0131rm\u0131z\u0131 reflekt\u00f6r.<\/p>\n<p><b>Reflektif K\u0131yafet:<\/b>\u00a0S\u00fcr\u00fcc\u00fcler ve ta\u015f\u0131nmas\u0131 halinde yolcular i\u00e7in, gece seyahatlerinde g\u00f6r\u00fcn\u00fcrl\u00fcklerini sa\u011flayacak \u015fekilde reflektif yelek vb. giyineceklerdir.<\/p>\n<p><b>Korna:<\/b>\u00a0Normal olarak 30 metreden duyulabilecek ses \u00e7\u0131karabilen zil, korna veya benzeri ses aleti olacak.<\/p>\n<p><b>Kask:<\/b> G\u00fcvenlik standartlar\u0131n\u0131 kar\u015f\u0131layan bisiklet kask\u0131. S\u00fcr\u00fcc\u00fc ve ta\u015f\u0131nmas\u0131 halinde yolcular i\u00e7in; yanmayacak ve ba\u015f\u0131, \u0131s\u0131, \u00e7arpma ve d\u0131\u015f tesirlere kar\u015f\u0131 koruyacak, g\u00f6rme ve i\u015fitmeye engel olmayacak, kolay tak\u0131l\u0131p \u00e7\u0131kar\u0131lacak \u015fekilde Avrupa Ekonomik Komisyonu ECE R 22 Reg\u00fclasyonuna uygun olacakt\u0131r. d\u00fc\u015fme ve kazalara kar\u015f\u0131 sizi b\u00fcy\u00fck oranda ciddi yaralanmalardan korur, yeni y\u00f6netmelikle birlikte zorunlu.\u00a0<b>Eldiven<\/b>\u00a0de hem gidon tutu\u015funuzu sa\u011flamla\u015ft\u0131r\u0131r, k\u0131\u015f\u0131n so\u011fuktan korur ve d\u00fc\u015fmelerde destek sa\u011flar.\u00a0<b>G\u00f6zl\u00fckler<\/b>\u00a0ise g\u00fcne\u015f ve r\u00fczgardan koruma d\u0131\u015f\u0131nda k\u00fc\u00e7\u00fck b\u00f6ceklerin ve havadaki tozlar\u0131n g\u00f6z\u00fcn\u00fcze ka\u00e7mas\u0131na engel olur.<\/p>\n<\/div><\/div><\/div><\/div><\/div>\n","protected":false},"excerpt":{"rendered":"<p>Elementum nulla turpis cursus. Integer liberos kusto euismod aene pretium faucibus &#8230;<\/p>\n","protected":false},"author":1,"featured_media":2942,"comment_status":"open","ping_status":"open","sticky":false,"template":"","format":"standard","meta":{"footnotes":""},"categories":[2],"tags":[71,72,70],"class_list":["post-224","post","type-post","status-publish","format-standard","has-post-thumbnail","hentry","category-bisikleti-taniyalim","tag-aksesuar","tag-bisiklet-gezisi","tag-bisiklet-gezisin-de-bulundurulmasi-gereken-aksesuarlar"],"_links":{"self":[{"href":"https:\/\/thegidon.com\/tr\/wp-json\/wp\/v2\/posts\/224","targetHints":{"allow":["GET"]}}],"collection":[{"href":"https:\/\/thegidon.com\/tr\/wp-json\/wp\/v2\/posts"}],"about":[{"href":"https:\/\/thegidon.com\/tr\/wp-json\/wp\/v2\/types\/post"}],"author":[{"embeddable":true,"href":"https:\/\/thegidon.com\/tr\/wp-json\/wp\/v2\/users\/1"}],"replies":[{"embeddable":true,"href":"https:\/\/thegidon.com\/tr\/wp-json\/wp\/v2\/comments?post=224"}],"version-history":[{"count":2,"href":"https:\/\/thegidon.com\/tr\/wp-json\/wp\/v2\/posts\/224\/revisions"}],"predecessor-version":[{"id":2112,"href":"https:\/\/thegidon.com\/tr\/wp-json\/wp\/v2\/posts\/224\/revisions\/2112"}],"wp:featuredmedia":[{"embeddable":true,"href":"https:\/\/thegidon.com\/tr\/wp-json\/wp\/v2\/media\/2942"}],"wp:attachment":[{"href":"https:\/\/thegidon.com\/tr\/wp-json\/wp\/v2\/media?parent=224"}],"wp:term":[{"taxonomy":"category","embeddable":true,"href":"https:\/\/thegidon.com\/tr\/wp-json\/wp\/v2\/categories?post=224"},{"taxonomy":"post_tag","embeddable":true,"href":"https:\/\/thegidon.com\/tr\/wp-json\/wp\/v2\/tags?post=224"}],"curies":[{"name":"wp","href":"https:\/\/api.w.org\/{rel}","templated":true}]}}