{"id":2696,"date":"2024-09-25T12:02:32","date_gmt":"2024-09-25T09:02:32","guid":{"rendered":"https:\/\/thegidon.com\/tr\/?p=2696"},"modified":"2024-12-06T15:16:18","modified_gmt":"2024-12-06T12:16:18","slug":"turkiye-bisiklet-federasyonu-6-olagan-ve-mali-genel-kurulunda-emin-muftuoglu-yeniden-baskanliga-secildi","status":"publish","type":"post","link":"https:\/\/thegidon.com\/tr\/2024\/09\/25\/turkiye-bisiklet-federasyonu-6-olagan-ve-mali-genel-kurulunda-emin-muftuoglu-yeniden-baskanliga-secildi\/","title":{"rendered":"T\u00fcrkiye Bisiklet Federasyonu 6. Ola\u011fan ve Mali Genel Kurulu&#8217;nda Emin M\u00fcft\u00fco\u011flu yeniden ba\u015fkanl\u0131\u011fa se\u00e7ildi."},"content":{"rendered":"<div class=\"fusion-fullwidth fullwidth-box fusion-builder-row-1 fusion-flex-container has-pattern-background has-mask-background nonhundred-percent-fullwidth non-hundred-percent-height-scrolling\" style=\"--awb-border-radius-top-left:0px;--awb-border-radius-top-right:0px;--awb-border-radius-bottom-right:0px;--awb-border-radius-bottom-left:0px;--awb-flex-wrap:wrap;\" ><div class=\"fusion-builder-row fusion-row fusion-flex-align-items-flex-start fusion-flex-content-wrap\" style=\"max-width:1302px;margin-left: calc(-5% \/ 2 );margin-right: calc(-5% \/ 2 );\"><div class=\"fusion-layout-column fusion_builder_column fusion-builder-column-0 fusion_builder_column_1_1 1_1 fusion-flex-column\" style=\"--awb-bg-size:cover;--awb-width-large:100%;--awb-margin-top-large:0px;--awb-spacing-right-large:2.375%;--awb-margin-bottom-large:0px;--awb-spacing-left-large:2.375%;--awb-width-medium:100%;--awb-order-medium:0;--awb-spacing-right-medium:2.375%;--awb-spacing-left-medium:2.375%;--awb-width-small:100%;--awb-order-small:0;--awb-spacing-right-small:2.375%;--awb-spacing-left-small:2.375%;\"><div class=\"fusion-column-wrapper fusion-column-has-shadow fusion-flex-justify-content-flex-start fusion-content-layout-column\"><div class=\"fusion-title title fusion-title-1 fusion-sep-none fusion-title-text fusion-title-size-one\"><h1 class=\"fusion-title-heading title-heading-left\" style=\"margin:0;\">T\u00fcrkiye Bisiklet Federasyonu Mali ve 6. Ola\u011fan Genel ve Ba\u015fkanl\u0131k Se\u00e7imi<\/h1><\/div><div class=\"fusion-image-element \" style=\"--awb-caption-title-font-family:var(--h2_typography-font-family);--awb-caption-title-font-weight:var(--h2_typography-font-weight);--awb-caption-title-font-style:var(--h2_typography-font-style);--awb-caption-title-size:var(--h2_typography-font-size);--awb-caption-title-transform:var(--h2_typography-text-transform);--awb-caption-title-line-height:var(--h2_typography-line-height);--awb-caption-title-letter-spacing:var(--h2_typography-letter-spacing);\"><span class=\" fusion-imageframe imageframe-none imageframe-1 hover-type-none\"><img decoding=\"async\" width=\"300\" height=\"169\" title=\"eminmuftuogluyenidenbaskan\" src=\"https:\/\/thegidon.com\/tr\/wp-content\/uploads\/2024\/09\/eminmuftuogluyenidenbaskan.jpg\" data-orig-src=\"https:\/\/thegidon.com\/tr\/wp-content\/uploads\/2024\/09\/eminmuftuogluyenidenbaskan-300x169.jpg\" alt class=\"lazyload img-responsive wp-image-2889\" srcset=\"data:image\/svg+xml,%3Csvg%20xmlns%3D%27http%3A%2F%2Fwww.w3.org%2F2000%2Fsvg%27%20width%3D%271200%27%20height%3D%27675%27%20viewBox%3D%270%200%201200%20675%27%3E%3Crect%20width%3D%271200%27%20height%3D%27675%27%20fill-opacity%3D%220%22%2F%3E%3C%2Fsvg%3E\" data-srcset=\"https:\/\/thegidon.com\/tr\/wp-content\/uploads\/2024\/09\/eminmuftuogluyenidenbaskan-200x113.jpg 200w, https:\/\/thegidon.com\/tr\/wp-content\/uploads\/2024\/09\/eminmuftuogluyenidenbaskan-400x225.jpg 400w, https:\/\/thegidon.com\/tr\/wp-content\/uploads\/2024\/09\/eminmuftuogluyenidenbaskan-600x338.jpg 600w, https:\/\/thegidon.com\/tr\/wp-content\/uploads\/2024\/09\/eminmuftuogluyenidenbaskan-800x450.jpg 800w, https:\/\/thegidon.com\/tr\/wp-content\/uploads\/2024\/09\/eminmuftuogluyenidenbaskan.jpg 1200w\" data-sizes=\"auto\" data-orig-sizes=\"(max-width: 800px) 100vw, 300px\" \/><\/span><\/div><div class=\"fusion-text fusion-text-1\"><p><strong>Elegelerin kulland\u0131\u011f\u0131 279 oyun 202\u2019sini alan Emin M\u00fcft\u00fco\u011flu, bir kez daha T\u00fcrkiye Bisiklet Federasyonu Ba\u015fkan\u0131 se\u00e7ildi. Kerim Vural ise se\u00e7imde 74 oy ald\u0131.<\/strong><\/p>\n<p>T\u00fcrkiye Bisiklet Federasyonu\u00a06. Ola\u011fan ve Mali Genel Kurulu, Ankara&#8217;da ger\u00e7ekle\u015fti. Mevcut\u00a0ba\u015fkan\u00a0Emin M\u00fcft\u00fco\u011flu\u00a0ile Kerim Vural&#8217;\u0131n yar\u0131\u015ft\u0131\u011f\u0131 ba\u015fkanl\u0131k se\u00e7imi \u00f6ncesi y\u00f6netim kurulu faaliyet ve mali a\u00e7\u0131dan ibra edildi.<\/p>\n<p>279 delegenin oy kulland\u0131\u011f\u0131 genel kurulda 202 oy alan Emin M\u00fcft\u00fco\u011flu, yeniden ba\u015fkan oldu. Kerim Vural ise 74 oy ald\u0131.<br \/>\nSe\u00e7im sonu\u00e7lar\u0131n\u0131n ilan edilmesinin ard\u0131ndan a\u00e7\u0131klamalarda bulunan M\u00fcft\u00fco\u011flu, Cumhurba\u015fkan\u0131 Recep Tayyip Erdo\u011fan&#8217;a, Gen\u00e7lik ve\u00a0Spor\u00a0Bakan\u0131 Osman A\u015fk\u0131n Bak&#8217;a, Spor Hizmetleri Genel M\u00fcd\u00fcr\u00fc Veli Ozan \u00c7ak\u0131r&#8217;a, bakanl\u0131k yetkilileri ve di\u011fer ilgililere destekleri i\u00e7in te\u015fekk\u00fcr etti.<\/p>\n<div>\n<div class=\"nd-dfp-wrapper\"><\/div>\n<\/div>\n<p>Emin M\u00fcft\u00fco\u011flu&#8217;nun y\u00f6netim kurulu asil listesinde \u015fu isimler yer al\u0131yor:<\/p>\n<p>&#8220;Fikret Hayali, Metin Cengiz, Yusuf Alperen Ayar, Elif Merve Beyla, Ercan Okur, Veysel Serdar, Mehmet Okan Kaya, Kenan G\u00fcler, Onur \u015eahin, Nevzat K\u0131ral.&#8221;<\/p>\n<\/div><\/div><\/div><\/div><\/div>\n","protected":false},"excerpt":{"rendered":"","protected":false},"author":2,"featured_media":2887,"comment_status":"open","ping_status":"open","sticky":false,"template":"","format":"standard","meta":{"footnotes":""},"categories":[82],"tags":[119,118],"class_list":["post-2696","post","type-post","status-publish","format-standard","has-post-thumbnail","hentry","category-haber","tag-bisiklet-federasyonu","tag-emin-muftuoglu"],"_links":{"self":[{"href":"https:\/\/thegidon.com\/tr\/wp-json\/wp\/v2\/posts\/2696","targetHints":{"allow":["GET"]}}],"collection":[{"href":"https:\/\/thegidon.com\/tr\/wp-json\/wp\/v2\/posts"}],"about":[{"href":"https:\/\/thegidon.com\/tr\/wp-json\/wp\/v2\/types\/post"}],"author":[{"embeddable":true,"href":"https:\/\/thegidon.com\/tr\/wp-json\/wp\/v2\/users\/2"}],"replies":[{"embeddable":true,"href":"https:\/\/thegidon.com\/tr\/wp-json\/wp\/v2\/comments?post=2696"}],"version-history":[{"count":4,"href":"https:\/\/thegidon.com\/tr\/wp-json\/wp\/v2\/posts\/2696\/revisions"}],"predecessor-version":[{"id":2891,"href":"https:\/\/thegidon.com\/tr\/wp-json\/wp\/v2\/posts\/2696\/revisions\/2891"}],"wp:featuredmedia":[{"embeddable":true,"href":"https:\/\/thegidon.com\/tr\/wp-json\/wp\/v2\/media\/2887"}],"wp:attachment":[{"href":"https:\/\/thegidon.com\/tr\/wp-json\/wp\/v2\/media?parent=2696"}],"wp:term":[{"taxonomy":"category","embeddable":true,"href":"https:\/\/thegidon.com\/tr\/wp-json\/wp\/v2\/categories?post=2696"},{"taxonomy":"post_tag","embeddable":true,"href":"https:\/\/thegidon.com\/tr\/wp-json\/wp\/v2\/tags?post=2696"}],"curies":[{"name":"wp","href":"https:\/\/api.w.org\/{rel}","templated":true}]}}