{"id":2699,"date":"2024-10-01T13:34:40","date_gmt":"2024-10-01T10:34:40","guid":{"rendered":"https:\/\/thegidon.com\/tr\/?p=2699"},"modified":"2024-11-15T15:25:31","modified_gmt":"2024-11-15T12:25:31","slug":"bisiklet-gezilerin-de-yaniniza-almaniz-gerekenler","status":"publish","type":"post","link":"https:\/\/thegidon.com\/tr\/2024\/10\/01\/bisiklet-gezilerin-de-yaniniza-almaniz-gerekenler\/","title":{"rendered":"Bisiklet Gezilerin de Yan\u0131n\u0131za Alman\u0131z Gerekenler"},"content":{"rendered":"<div class=\"fusion-fullwidth fullwidth-box fusion-builder-row-1 fusion-flex-container has-pattern-background has-mask-background nonhundred-percent-fullwidth non-hundred-percent-height-scrolling\" style=\"--awb-border-radius-top-left:0px;--awb-border-radius-top-right:0px;--awb-border-radius-bottom-right:0px;--awb-border-radius-bottom-left:0px;--awb-flex-wrap:wrap;\" ><div class=\"fusion-builder-row fusion-row fusion-flex-align-items-flex-start fusion-flex-content-wrap\" style=\"max-width:1302px;margin-left: calc(-5% \/ 2 );margin-right: calc(-5% \/ 2 );\"><div class=\"fusion-layout-column fusion_builder_column fusion-builder-column-0 fusion_builder_column_1_1 1_1 fusion-flex-column\" style=\"--awb-bg-size:cover;--awb-width-large:100%;--awb-margin-top-large:0px;--awb-spacing-right-large:2.375%;--awb-margin-bottom-large:0px;--awb-spacing-left-large:2.375%;--awb-width-medium:100%;--awb-order-medium:0;--awb-spacing-right-medium:2.375%;--awb-spacing-left-medium:2.375%;--awb-width-small:100%;--awb-order-small:0;--awb-spacing-right-small:2.375%;--awb-spacing-left-small:2.375%;\"><div class=\"fusion-column-wrapper fusion-column-has-shadow fusion-flex-justify-content-flex-start fusion-content-layout-column\"><div class=\"fusion-text fusion-text-1\"><div class=\"flex max-w-full flex-col flex-grow\">\n<div class=\"min-h-8 text-message flex w-full flex-col items-end gap-2 whitespace-normal break-words &#091;.text-message+&amp;&#093;:mt-5\" dir=\"auto\" data-message-author-role=\"assistant\" data-message-id=\"84b5306d-a1fd-4be9-b9b3-133f982413c3\">\n<div class=\"flex w-full flex-col gap-1 empty:hidden first:pt-&#091;3px&#093;\">\n<div class=\"markdown prose w-full break-words dark:prose-invert dark\">\n<p>Bisiklet gezileri i\u00e7in yan\u0131n\u0131za alman\u0131z gerekenler, gezi s\u00fcresine, hava ko\u015fullar\u0131na ve yol \u015fartlar\u0131na ba\u011fl\u0131 olarak de\u011fi\u015fir. Ancak, temel olarak a\u015fa\u011f\u0131daki malzemeleri alman\u0131z\u0131 \u00f6neririm:<\/p>\n<h3>1. <strong>G\u00fcvenlik ve Bak\u0131m Ekipmanlar\u0131<\/strong><\/h3>\n<ul>\n<li><strong>Kask:<\/strong> G\u00fcvenli\u011finiz i\u00e7in olmazsa olmazd\u0131r.<\/li>\n<li><strong>Yedek i\u00e7 lastik ve yama seti:<\/strong> Lastik patlamas\u0131 gibi sorunlar i\u00e7in haz\u0131r olmal\u0131s\u0131n\u0131z.<\/li>\n<li><strong>Pompa:<\/strong> Lastik bas\u0131nc\u0131n\u0131 ayarlamak i\u00e7in ta\u015f\u0131nabilir bir pompa bulundurun.<\/li>\n<li><strong>Alyan anahtar\u0131 seti:<\/strong> Bisiklet \u00fczerindeki vidalar\u0131 s\u0131kmak veya ayar yapmak i\u00e7in gereklidir.<\/li>\n<li><strong>Far ve arka \u0131\u015f\u0131k:<\/strong> Gece s\u00fcr\u00fc\u015fleri veya d\u00fc\u015f\u00fck \u0131\u015f\u0131k ko\u015fullar\u0131 i\u00e7in.<\/li>\n<\/ul>\n<h3>2. <strong>G\u0131da ve Su<\/strong><\/h3>\n<ul>\n<li><strong>Su \u015fi\u015fesi veya suluk:<\/strong> Hidrasyon \u00e7ok \u00f6nemli, yeterli su ta\u015f\u0131y\u0131n.<\/li>\n<li><strong>Enerji barlar\u0131 veya at\u0131\u015ft\u0131rmal\u0131klar:<\/strong> Enerjinizi korumak i\u00e7in hafif ve besleyici g\u0131dalar al\u0131n.<\/li>\n<\/ul>\n<h3>3. <strong>Ki\u015fisel E\u015fyalar<\/strong><\/h3>\n<ul>\n<li><strong>Telefon ve g\u00fc\u00e7 bankas\u0131:<\/strong> \u0130leti\u015fim ve navigasyon i\u00e7in telefon, uzun gezilerde \u015farj gerekebilir.<\/li>\n<li><strong>Kimlik ve para:<\/strong> Acil durumlar i\u00e7in yan\u0131n\u0131zda kimlik ve biraz para bulundurun.<\/li>\n<li><strong>G\u00fcne\u015f kremi ve g\u00fcne\u015f g\u00f6zl\u00fc\u011f\u00fc:<\/strong> G\u00fcne\u015fli havalarda cildinizi ve g\u00f6zlerinizi korumak i\u00e7in.<\/li>\n<li><strong>Hafif ya\u011fmurluk veya r\u00fczgarl\u0131k:<\/strong> Ani hava de\u011fi\u015fiklikleri i\u00e7in.<\/li>\n<\/ul>\n<h3>4. <strong>Ekstra Giysi ve Aksesuarlar<\/strong><\/h3>\n<ul>\n<li><strong>Yedek giysi:<\/strong> Terlemeye kar\u015f\u0131 hafif bir ti\u015f\u00f6rt veya i\u00e7lik bulundurabilirsiniz.<\/li>\n<li><strong>Bisiklet eldiveni:<\/strong> Daha iyi kavrama ve el rahatl\u0131\u011f\u0131 sa\u011flar.<\/li>\n<li><strong>\u00c7ok ama\u00e7l\u0131 bant veya k\u00fc\u00e7\u00fck ip:<\/strong> Acil durumlarda \u00e7ok i\u015finize yarayabilir.<\/li>\n<\/ul>\n<p>Gezinizin uzunlu\u011funa ve zorluk seviyesine g\u00f6re malzemelerinizi adapte edebilirsiniz, ama bu liste genel olarak i\u015finizi g\u00f6recektir.<\/p>\n<\/div>\n<\/div>\n<\/div>\n<\/div>\n<div class=\"mb-2 flex gap-3 empty:hidden -ml-2\">\n<div class=\"items-center justify-start rounded-xl p-1 flex\">\n<div class=\"flex items-center\">\n<p>&nbsp;<\/p>\n<div class=\"flex\"><\/div>\n<div class=\"flex items-center pb-0\"><span class=\"overflow-hidden text-clip whitespace-nowrap text-sm\">4o<\/span><\/div>\n<\/div>\n<\/div>\n<\/div>\n<\/div><\/div><\/div><\/div><\/div>\n","protected":false},"excerpt":{"rendered":"","protected":false},"author":2,"featured_media":2875,"comment_status":"open","ping_status":"open","sticky":false,"template":"","format":"standard","meta":{"footnotes":""},"categories":[7,78],"tags":[122,120,121],"class_list":["post-2699","post","type-post","status-publish","format-standard","has-post-thumbnail","hentry","category-guvenlik","category-saglik","tag-ekipmanlar","tag-geziler","tag-rotalar"],"_links":{"self":[{"href":"https:\/\/thegidon.com\/tr\/wp-json\/wp\/v2\/posts\/2699","targetHints":{"allow":["GET"]}}],"collection":[{"href":"https:\/\/thegidon.com\/tr\/wp-json\/wp\/v2\/posts"}],"about":[{"href":"https:\/\/thegidon.com\/tr\/wp-json\/wp\/v2\/types\/post"}],"author":[{"embeddable":true,"href":"https:\/\/thegidon.com\/tr\/wp-json\/wp\/v2\/users\/2"}],"replies":[{"embeddable":true,"href":"https:\/\/thegidon.com\/tr\/wp-json\/wp\/v2\/comments?post=2699"}],"version-history":[{"count":2,"href":"https:\/\/thegidon.com\/tr\/wp-json\/wp\/v2\/posts\/2699\/revisions"}],"predecessor-version":[{"id":2876,"href":"https:\/\/thegidon.com\/tr\/wp-json\/wp\/v2\/posts\/2699\/revisions\/2876"}],"wp:featuredmedia":[{"embeddable":true,"href":"https:\/\/thegidon.com\/tr\/wp-json\/wp\/v2\/media\/2875"}],"wp:attachment":[{"href":"https:\/\/thegidon.com\/tr\/wp-json\/wp\/v2\/media?parent=2699"}],"wp:term":[{"taxonomy":"category","embeddable":true,"href":"https:\/\/thegidon.com\/tr\/wp-json\/wp\/v2\/categories?post=2699"},{"taxonomy":"post_tag","embeddable":true,"href":"https:\/\/thegidon.com\/tr\/wp-json\/wp\/v2\/tags?post=2699"}],"curies":[{"name":"wp","href":"https:\/\/api.w.org\/{rel}","templated":true}]}}