{"id":2769,"date":"2024-10-04T13:04:53","date_gmt":"2024-10-04T10:04:53","guid":{"rendered":"https:\/\/thegidon.com\/tr\/?p=2769"},"modified":"2024-11-15T14:27:36","modified_gmt":"2024-11-15T11:27:36","slug":"2024-dunya-bisiklet-sampiyonasi","status":"publish","type":"post","link":"https:\/\/thegidon.com\/tr\/2024\/10\/04\/2024-dunya-bisiklet-sampiyonasi\/","title":{"rendered":"2024 D\u00fcnya  Bisiklet \u015eampiyonas\u0131"},"content":{"rendered":"<div class=\"fusion-fullwidth fullwidth-box fusion-builder-row-1 fusion-flex-container has-pattern-background has-mask-background nonhundred-percent-fullwidth non-hundred-percent-height-scrolling\" style=\"--awb-border-radius-top-left:0px;--awb-border-radius-top-right:0px;--awb-border-radius-bottom-right:0px;--awb-border-radius-bottom-left:0px;--awb-flex-wrap:wrap;\" ><div class=\"fusion-builder-row fusion-row fusion-flex-align-items-flex-start fusion-flex-content-wrap\" style=\"max-width:1302px;margin-left: calc(-5% \/ 2 );margin-right: calc(-5% \/ 2 );\"><div class=\"fusion-layout-column fusion_builder_column fusion-builder-column-0 fusion_builder_column_1_1 1_1 fusion-flex-column\" style=\"--awb-bg-size:cover;--awb-width-large:100%;--awb-margin-top-large:0px;--awb-spacing-right-large:2.375%;--awb-margin-bottom-large:0px;--awb-spacing-left-large:2.375%;--awb-width-medium:100%;--awb-order-medium:0;--awb-spacing-right-medium:2.375%;--awb-spacing-left-medium:2.375%;--awb-width-small:100%;--awb-order-small:0;--awb-spacing-right-small:2.375%;--awb-spacing-left-small:2.375%;\"><div class=\"fusion-column-wrapper fusion-column-has-shadow fusion-flex-justify-content-flex-start fusion-content-layout-column\"><div class=\"fusion-title title fusion-title-1 fusion-sep-none fusion-title-text fusion-title-size-one\"><h1 class=\"fusion-title-heading title-heading-left\" style=\"margin:0;\">2024 UCI Yol D\u00fcnya \u015eampiyonas\u0131<\/h1><\/div><div class=\"fusion-text fusion-text-1\"><p>2024 UCI Yol D\u00fcnya \u015eampiyonas\u0131, Z\u00fcrih&#8217;te inan\u0131lmaz bir performansa sahne oldu. Tadej Poga\u010dar, erkekler elit yol yar\u0131\u015f\u0131nda \u015fampiyon oldu. Bu zaferi, ayn\u0131 sezon i\u00e7erisinde hem Giro d\u2019Italia&#8217;y\u0131 hem de Tour de France&#8217;\u0131 kazanarak elde etti\u011fi tarihi ba\u015far\u0131yla ta\u00e7land\u0131rd\u0131. Poga\u010dar, bu ba\u015far\u0131yla bisiklet d\u00fcnyas\u0131nda Eddy Merckx ve Stephen Roche&#8217;den sonra &#8220;\u00dc\u00e7l\u00fc Ta\u00e7&#8221; (Triple Crown) kazanan \u00fc\u00e7\u00fcnc\u00fc bisiklet\u00e7i oldu.<\/p>\n<p>Poga\u010dar, 273,9 kilometrelik yar\u0131\u015f\u0131 6 saat 27 dakika 30 saniyede tamamlayarak biti\u015fe 100 km kala cesur bir atak yapt\u0131. Avustralyal\u0131 Ben O&#8217;Connor yar\u0131\u015f\u0131 34 saniye farkla ikinci s\u0131rada bitirirken, ge\u00e7en y\u0131l\u0131n \u015fampiyonu Hollandal\u0131 Mathieu van der Poel \u00fc\u00e7\u00fcnc\u00fc oldu.<\/p>\n<p>Bu zaferin yan\u0131 s\u0131ra, \u015fampiyona boyunca \u00e7e\u015fitli kategorilerde dikkat \u00e7eken performanslar sergilendi ve yar\u0131\u015fma b\u00fcy\u00fck bir \u00e7eki\u015fmeye sahne oldu\u200b<\/p>\n<\/div><div class=\"fusion-title title fusion-title-2 fusion-sep-none fusion-title-text fusion-title-size-one\"><h1 class=\"fusion-title-heading title-heading-left\" style=\"margin:0;\">Tadej Poga\u010dar<\/h1><\/div><div class=\"fusion-text fusion-text-2\"><p>2024 y\u0131l\u0131nda bisiklet d\u00fcnyas\u0131nda Tadej Poga\u010dar, tarih yazan bir sezon ge\u00e7irdi. Slovenyal\u0131 sporcu, ayn\u0131 y\u0131l i\u00e7inde <strong>Giro d\u2019Italia<\/strong>, <strong>Tour de France<\/strong>, ve <strong>UCI Yol D\u00fcnya \u015eampiyonas\u0131<\/strong>&#8216;n\u0131 kazanarak bisikletteki en b\u00fcy\u00fck \u00fc\u00e7 \u00f6d\u00fcl\u00fc elde etti. Bu ba\u015far\u0131, sadece iki bisiklet\u00e7inin daha \u00f6nce ba\u015farabildi\u011fi, &#8220;Triple Crown&#8221; (\u00dc\u00e7l\u00fc Ta\u00e7) olarak bilinen b\u00fcy\u00fck bir onur. Eddy Merckx (1974) ve Stephen Roche (1987), Poga\u010dar&#8217;dan \u00f6nce bu ba\u015far\u0131y\u0131 elde eden isimlerdi.<\/p>\n<p>Poga\u010dar, <strong>2024 UCI Yol D\u00fcnya \u015eampiyonas\u0131<\/strong>&#8216;nda Z\u00fcrih&#8217;teki zorlu parkurda, 273,9 kilometrelik yar\u0131\u015f\u0131 6 saat 27 dakika 30 saniyede tamamlayarak zafere ula\u015ft\u0131. Yar\u0131\u015f\u0131n bitimine 100 kilometre kala yapt\u0131\u011f\u0131 cesur atakla t\u00fcm rakiplerini geride b\u0131rakt\u0131. Avustralyal\u0131 Ben O&#8217;Connor 34 saniye geride ikinci olurken, ge\u00e7en y\u0131l\u0131n \u015fampiyonu Mathieu van der Poel ise \u00fc\u00e7\u00fcnc\u00fc s\u0131ray\u0131 ald\u0131.<\/p>\n<p>Poga\u010dar&#8217;\u0131n bu zaferi, onu bisiklet d\u00fcnyas\u0131nda zirveye ta\u015f\u0131rken, ayn\u0131 zamanda bu sezon onun 23. b\u00fcy\u00fck zaferi olarak kay\u0131tlara ge\u00e7ti. Kendi ifadesiyle bu yar\u0131\u015fta b\u00fcy\u00fck bir bask\u0131 hissetti\u011fini, ancak pes etmeden kazand\u0131\u011f\u0131n\u0131 belirtti\u200b.<\/p>\n<\/div><\/div><\/div><\/div><\/div>\n","protected":false},"excerpt":{"rendered":"","protected":false},"author":2,"featured_media":2815,"comment_status":"open","ping_status":"open","sticky":false,"template":"","format":"standard","meta":{"footnotes":""},"categories":[5,3],"tags":[],"class_list":["post-2769","post","type-post","status-publish","format-standard","has-post-thumbnail","hentry","category-bisikletin-tarihi","category-yarislar"],"_links":{"self":[{"href":"https:\/\/thegidon.com\/tr\/wp-json\/wp\/v2\/posts\/2769","targetHints":{"allow":["GET"]}}],"collection":[{"href":"https:\/\/thegidon.com\/tr\/wp-json\/wp\/v2\/posts"}],"about":[{"href":"https:\/\/thegidon.com\/tr\/wp-json\/wp\/v2\/types\/post"}],"author":[{"embeddable":true,"href":"https:\/\/thegidon.com\/tr\/wp-json\/wp\/v2\/users\/2"}],"replies":[{"embeddable":true,"href":"https:\/\/thegidon.com\/tr\/wp-json\/wp\/v2\/comments?post=2769"}],"version-history":[{"count":2,"href":"https:\/\/thegidon.com\/tr\/wp-json\/wp\/v2\/posts\/2769\/revisions"}],"predecessor-version":[{"id":2816,"href":"https:\/\/thegidon.com\/tr\/wp-json\/wp\/v2\/posts\/2769\/revisions\/2816"}],"wp:featuredmedia":[{"embeddable":true,"href":"https:\/\/thegidon.com\/tr\/wp-json\/wp\/v2\/media\/2815"}],"wp:attachment":[{"href":"https:\/\/thegidon.com\/tr\/wp-json\/wp\/v2\/media?parent=2769"}],"wp:term":[{"taxonomy":"category","embeddable":true,"href":"https:\/\/thegidon.com\/tr\/wp-json\/wp\/v2\/categories?post=2769"},{"taxonomy":"post_tag","embeddable":true,"href":"https:\/\/thegidon.com\/tr\/wp-json\/wp\/v2\/tags?post=2769"}],"curies":[{"name":"wp","href":"https:\/\/api.w.org\/{rel}","templated":true}]}}