{"id":2772,"date":"2024-10-04T13:30:55","date_gmt":"2024-10-04T10:30:55","guid":{"rendered":"https:\/\/thegidon.com\/tr\/?p=2772"},"modified":"2024-10-04T16:04:04","modified_gmt":"2024-10-04T13:04:04","slug":"fransa-bisiklet-turu","status":"publish","type":"post","link":"https:\/\/thegidon.com\/tr\/2024\/10\/04\/fransa-bisiklet-turu\/","title":{"rendered":"Fransa Bisiklet Turu Tour de France"},"content":{"rendered":"<div class=\"fusion-fullwidth fullwidth-box fusion-builder-row-1 fusion-flex-container has-pattern-background has-mask-background nonhundred-percent-fullwidth non-hundred-percent-height-scrolling\" style=\"--awb-border-radius-top-left:0px;--awb-border-radius-top-right:0px;--awb-border-radius-bottom-right:0px;--awb-border-radius-bottom-left:0px;--awb-flex-wrap:wrap;\" ><div class=\"fusion-builder-row fusion-row fusion-flex-align-items-flex-start fusion-flex-content-wrap\" style=\"max-width:1302px;margin-left: calc(-5% \/ 2 );margin-right: calc(-5% \/ 2 );\"><div class=\"fusion-layout-column fusion_builder_column fusion-builder-column-0 fusion_builder_column_1_1 1_1 fusion-flex-column\" style=\"--awb-bg-size:cover;--awb-width-large:100%;--awb-margin-top-large:0px;--awb-spacing-right-large:2.375%;--awb-margin-bottom-large:0px;--awb-spacing-left-large:2.375%;--awb-width-medium:100%;--awb-order-medium:0;--awb-spacing-right-medium:2.375%;--awb-spacing-left-medium:2.375%;--awb-width-small:100%;--awb-order-small:0;--awb-spacing-right-small:2.375%;--awb-spacing-left-small:2.375%;\"><div class=\"fusion-column-wrapper fusion-column-has-shadow fusion-flex-justify-content-flex-start fusion-content-layout-column\"><div class=\"fusion-text fusion-text-1\"><p><b>Fransa Bisiklet Turu<\/b>\u00a0(Frans\u0131zca:\u00a0<span class=\"lang-fr\" dir=\"ltr\" lang=\"fr\"><b>\u00a0Tour de France<\/b><\/span>), her y\u0131l\u00a0Fransa&#8217;da d\u00fczenlenen\u00a0yol bisikleti\u00a0\u00e7ok etapl\u0131 yar\u0131\u015f turudur.<sup id=\"cite_ref-Telegraph_Tour_Info_1-0\" class=\"reference\"><\/sup>\u00a0\u0130talya Bisiklet Turu\u00a0ve\u00a0\u0130spanya Bisiklet Turu\u00a0ile birlikte\u00a0Avrupa&#8217;n\u0131n\u00a0B\u00fcy\u00fck Turlar\u00a0olarak adland\u0131r\u0131lan \u00fc\u00e7 b\u00fcy\u00fck turundan birisi ve bisiklet sporunun en prestijli yar\u0131\u015f\u0131d\u0131r.<\/p>\n<p>UCI D\u00fcnya Turu\u00a0kapsam\u0131nda olup, t\u00fcm yar\u0131\u015flar i\u00e7erisinde en \u00e7ok puan kazand\u0131ran yar\u0131\u015ft\u0131r.<\/p>\n<p>\u0130lk kez 1903 y\u0131l\u0131nda d\u00fczenlenmi\u015f olup, ilkini Frans\u0131z\u00a0Maurice Garin,\u00a02013 y\u0131l\u0131ndaki\u00a0tur tarihinin 100. \u2018s\u00fcn\u00fc ise B\u00fcy\u00fck Britanyal\u0131 bisiklet\u00e7i\u00a0Chris Froome\u00a0kazanm\u0131\u015ft\u0131r.<\/p>\n<p>Yar\u0131\u015f ilk olarak\u00a01903\u00a0y\u0131l\u0131nda\u00a0<i>L&#8217;Auto<\/i><sup id=\"cite_ref-2\" class=\"reference\"><\/sup>\u00a0gazetesinin sat\u0131\u015flar\u0131n\u0131 art\u0131rmak i\u00e7in d\u00fczenlendi ve \u015fu anda\u00a0Amaury Sport Organisation\u00a0taraf\u0131ndan y\u00f6netilmektedir.<sup id=\"cite_ref-3\" class=\"reference\"><\/sup>\u00a0\u0130ki\u00a0D\u00fcnya sava\u015f\u0131\u00a0i\u00e7in durduruldu\u011fu zamanlar hari\u00e7, 1903&#8217;teki ilk s\u00fcr\u00fcm\u00fcnden bu yana her y\u0131l d\u00fczenlenir.<sup id=\"cite_ref-reveal_4-0\" class=\"reference\"><\/sup>\u00a0Tur \u00f6ne \u00e7\u0131k\u0131p pop\u00fclerlik kazand\u0131k\u00e7a, yar\u0131\u015f\u0131n kat etti\u011fi mesafe uzam\u0131\u015f ve eri\u015fimi t\u00fcm d\u00fcnyaya yay\u0131lmaya ba\u015flam\u0131\u015ft\u0131r. Her y\u0131l d\u00fcnyan\u0131n her yerinden bisiklet\u00e7iler yar\u0131\u015fa kat\u0131lmaya ba\u015flad\u0131k\u00e7a, kat\u0131l\u0131m esasen Frans\u0131z sahas\u0131ndan geni\u015flemi\u015ftir. Tur,\u00a0UCI D\u00fcnya Turu\u00a0etkinli\u011fi olup, bu durum da yar\u0131\u015fan tak\u0131mlar\u0131n, organizat\u00f6rlerin davet etti\u011fi tak\u0131mlar hari\u00e7, \u00e7o\u011funlukla\u00a0UCI D\u00fcnya Tak\u0131mlar\u0131\u00a0oldu\u011fu anlam\u0131na gelir.<sup id=\"cite_ref-5\" class=\"reference\"><\/sup><sup id=\"cite_ref-6\" class=\"reference\"><\/sup>\u00a0Yar\u0131\u015f zamanla &#8220;D\u00fcnyan\u0131n en b\u00fcy\u00fck y\u0131ll\u0131k spor etkinli\u011fi&#8221; oldu.<sup id=\"cite_ref-7\" class=\"reference\"><\/sup><\/p>\n<p>Geleneksel olarak yar\u0131\u015f Temmuz ay\u0131nda yap\u0131l\u0131r. Rota her y\u0131l de\u011fi\u015firken, yar\u0131\u015f\u0131n bi\u00e7imi zamana kar\u015f\u0131 etaplar\u0131n\u0131n ortaya \u00e7\u0131kmas\u0131yla,<sup id=\"cite_ref-Telegraph_Tour_Info_1-1\" class=\"reference\"><\/sup>\u00a0Pireneler\u00a0ve\u00a0Alpler\u00a0s\u0131ra da\u011flar\u0131ndan ge\u00e7i\u015f ve\u00a0Paris&#8217;teki\u00a0Champs-\u00c9lys\u00e9es&#8217;de biti\u015f ayn\u0131 kalm\u0131\u015ft\u0131r.<sup id=\"cite_ref-8\" class=\"reference\"><\/sup><sup id=\"cite_ref-9\" class=\"reference\"><\/sup>\u00a0Tour de France&#8217;\u0131n modern s\u00fcr\u00fcmleri, 23 g\u00fcnl\u00fck s\u00fcrede 21 g\u00fcnl\u00fck etaplardan olu\u015fur ve yakla\u015f\u0131k 3.500 kilometre (2.200\u00a0mi)&#8217;dir.<sup id=\"cite_ref-10\" class=\"reference\"><\/sup>\u00a0Yar\u0131\u015f, Fransa&#8217;n\u0131n saat y\u00f6n\u00fcnde ve saat y\u00f6n\u00fcn\u00fcn tersine devreleri aras\u0131nda de\u011fi\u015fir.<sup id=\"cite_ref-FOOTNOTEAugendre1996_11-0\" class=\"reference\"><\/sup><\/p>\n<p>Genellikle her birinde sekiz bisiklet\u00e7i olan 20 ila 22 tak\u0131m vard\u0131r. T\u00fcm etaplar biti\u015fe kadar zamanlan\u0131r; bisiklet\u00e7ilerin zamanlar\u0131, \u00f6nceki etap zamanlar\u0131yla birle\u015ftirilir.<sup id=\"cite_ref-Telegraph_Tour_Info_1-2\" class=\"reference\"><\/sup>\u00a0En az k\u00fcm\u00fclatif bitirme s\u00fcreli olan bisiklet\u00e7i yar\u0131\u015f lideridir ve\u00a0sar\u0131 mayo\u00a0giyer.<sup id=\"cite_ref-ASO_12-0\" class=\"reference\"><\/sup>\u00a0Genel klasman en \u00e7ok dikkat \u00e7ekerken, Tur i\u00e7inde sprinterler i\u00e7in\u00a0puan klasman\u0131, t\u0131rman\u0131\u015f\u00e7\u0131lar i\u00e7in\u00a0da\u011flar klasman\u0131, 26 ya\u015f\u0131n alt\u0131 bisiklet\u00e7iler i\u00e7in\u00a0gen\u00e7 bisiklet\u00e7i klasman\u0131\u00a0ve her etapta her tak\u0131mdan ilk \u00fc\u00e7 bisiklet\u00e7inin zaman\u0131na g\u00f6re\u00a0tak\u0131m klasman\u0131\u00a0vard\u0131r. Bir\u00a0etap\u00a0galibiyeti kazanmak da prestij sa\u011flar.<\/p>\n<p>Tur tarihinde en \u00e7ok etap kazanan bisiklet\u00e7iler 34&#8217;er etapla bisiklet efsanesi\u00a0Eddy Merckx\u00a0ve \u0130ngiliz sprinter\u00a0Mark Cavendish&#8217;tir.<\/p>\n<p>1984 ile 2009 y\u0131llar\u0131 aras\u0131nda farkl\u0131 isimler alt\u0131nda Kad\u0131nlar Tour de France d\u00fczenlendi. 2014 y\u0131l\u0131ndan bu yana,\u00a0La Course by Le Tour de France, ad\u0131yla erkekler yar\u0131\u015f\u0131 devam ederken kad\u0131nlar i\u00e7in bir veya iki g\u00fcnl\u00fck bi\u00e7imde d\u00fczenlenmektedir. 2022 y\u0131l\u0131 i\u00e7in\u00a0Tour de France Femmes\u00a0ad\u0131yla, erkekler Tur&#8217;undan sonra kad\u0131nlar i\u00e7in\u00a0UCI Kad\u0131nlar D\u00fcnya Turu\u00a0kapsam\u0131nda etap yar\u0131\u015f\u0131 d\u00fczenlenece\u011fi a\u00e7\u0131kland\u0131.<\/p>\n<\/div><\/div><\/div><\/div><\/div>\n","protected":false},"excerpt":{"rendered":"","protected":false},"author":2,"featured_media":2774,"comment_status":"open","ping_status":"open","sticky":false,"template":"","format":"standard","meta":{"footnotes":""},"categories":[3],"tags":[125,127,126],"class_list":["post-2772","post","type-post","status-publish","format-standard","has-post-thumbnail","hentry","category-yarislar","tag-fransa-bisiklet-turu","tag-turlar","tag-yarislar"],"_links":{"self":[{"href":"https:\/\/thegidon.com\/tr\/wp-json\/wp\/v2\/posts\/2772","targetHints":{"allow":["GET"]}}],"collection":[{"href":"https:\/\/thegidon.com\/tr\/wp-json\/wp\/v2\/posts"}],"about":[{"href":"https:\/\/thegidon.com\/tr\/wp-json\/wp\/v2\/types\/post"}],"author":[{"embeddable":true,"href":"https:\/\/thegidon.com\/tr\/wp-json\/wp\/v2\/users\/2"}],"replies":[{"embeddable":true,"href":"https:\/\/thegidon.com\/tr\/wp-json\/wp\/v2\/comments?post=2772"}],"version-history":[{"count":4,"href":"https:\/\/thegidon.com\/tr\/wp-json\/wp\/v2\/posts\/2772\/revisions"}],"predecessor-version":[{"id":2790,"href":"https:\/\/thegidon.com\/tr\/wp-json\/wp\/v2\/posts\/2772\/revisions\/2790"}],"wp:featuredmedia":[{"embeddable":true,"href":"https:\/\/thegidon.com\/tr\/wp-json\/wp\/v2\/media\/2774"}],"wp:attachment":[{"href":"https:\/\/thegidon.com\/tr\/wp-json\/wp\/v2\/media?parent=2772"}],"wp:term":[{"taxonomy":"category","embeddable":true,"href":"https:\/\/thegidon.com\/tr\/wp-json\/wp\/v2\/categories?post=2772"},{"taxonomy":"post_tag","embeddable":true,"href":"https:\/\/thegidon.com\/tr\/wp-json\/wp\/v2\/tags?post=2772"}],"curies":[{"name":"wp","href":"https:\/\/api.w.org\/{rel}","templated":true}]}}