{"id":2777,"date":"2024-10-04T14:12:51","date_gmt":"2024-10-04T11:12:51","guid":{"rendered":"https:\/\/thegidon.com\/tr\/?p=2777"},"modified":"2024-10-04T16:04:13","modified_gmt":"2024-10-04T13:04:13","slug":"italya-bisiklet-turu","status":"publish","type":"post","link":"https:\/\/thegidon.com\/tr\/2024\/10\/04\/italya-bisiklet-turu\/","title":{"rendered":"\u0130talya Bisiklet Turu Giro d&#8217;Italia"},"content":{"rendered":"<div class=\"fusion-fullwidth fullwidth-box fusion-builder-row-1 fusion-flex-container has-pattern-background has-mask-background nonhundred-percent-fullwidth non-hundred-percent-height-scrolling\" style=\"--awb-border-radius-top-left:0px;--awb-border-radius-top-right:0px;--awb-border-radius-bottom-right:0px;--awb-border-radius-bottom-left:0px;--awb-flex-wrap:wrap;\" ><div class=\"fusion-builder-row fusion-row fusion-flex-align-items-flex-start fusion-flex-content-wrap\" style=\"max-width:1302px;margin-left: calc(-5% \/ 2 );margin-right: calc(-5% \/ 2 );\"><div class=\"fusion-layout-column fusion_builder_column fusion-builder-column-0 fusion_builder_column_1_1 1_1 fusion-flex-column\" style=\"--awb-bg-size:cover;--awb-width-large:100%;--awb-margin-top-large:0px;--awb-spacing-right-large:2.375%;--awb-margin-bottom-large:0px;--awb-spacing-left-large:2.375%;--awb-width-medium:100%;--awb-order-medium:0;--awb-spacing-right-medium:2.375%;--awb-spacing-left-medium:2.375%;--awb-width-small:100%;--awb-order-small:0;--awb-spacing-right-small:2.375%;--awb-spacing-left-small:2.375%;\"><div class=\"fusion-column-wrapper fusion-column-has-shadow fusion-flex-justify-content-flex-start fusion-content-layout-column\"><div class=\"fusion-title title fusion-title-1 fusion-sep-none fusion-title-text fusion-title-size-one\"><h1 class=\"fusion-title-heading title-heading-left\" style=\"margin:0;\">Giro d&#8217;Italia<\/h1><\/div><div class=\"fusion-text fusion-text-1\"><p>Her y\u0131l esasen \u0130talya&#8217;da d\u00fczenlenen ayn\u0131 zamanda ba\u015fka \u00fclkelerden ge\u00e7ebilen veya ba\u015flayabilen \u00e7ok etapl\u0131\u00a0bir\u00a0bisiklet yar\u0131\u015f\u0131.<sup id=\"cite_ref-Livestrong_Giro_Info_3-0\" class=\"reference\"><\/sup>\u00a0\u0130lk yar\u0131\u015f,\u00a01909\u00a0y\u0131l\u0131nda\u00a0La Gazzetta dello Sport\u00a0gazetesinin<sup id=\"cite_ref-Livestrong_Giro_Info_3-1\" class=\"reference\"><\/sup>\u00a0sat\u0131\u015flar\u0131n\u0131 art\u0131rmak i\u00e7in d\u00fczenlendi ve halen o gazetenin sahibinin bir\u00a0yan kurulu\u015fu\u00a0taraf\u0131ndan y\u00f6netilmektedir.<sup id=\"cite_ref-5\" class=\"reference\"><\/sup><sup id=\"cite_ref-6\" class=\"reference\"><\/sup>Yar\u0131\u015f, iki\u00a0d\u00fcnya sava\u015f\u0131\u00a0haricinde, 1909&#8217;daki ilk s\u00fcr\u00fcm\u00fcnden beri her y\u0131l d\u00fczenlenmektedir.<sup id=\"cite_ref-Livestrong_Giro_Info_3-2\" class=\"reference\"><\/sup>\u00a0Giro \u00f6ne \u00e7\u0131kt\u0131k\u00e7a ve pop\u00fclerlik kazand\u0131k\u00e7a yar\u0131\u015f\u0131n mesafesi uzad\u0131 ve daha \u00e7ok \u0130talyan kat\u0131l\u0131mc\u0131lardan olu\u015fan peloton, d\u00fcnyan\u0131n her yerinden bisiklet\u00e7ilere kadar geni\u015fledi. Giro bir\u00a0UCI D\u00fcnya Turu\u00a0etkinli\u011fidir, bu da yar\u0131\u015fan tak\u0131mlar\u0131n \u00e7o\u011funlu\u011funun\u00a0UCI WorldTeam\u00a0oldu\u011fu ve baz\u0131 ek tak\u0131mlar\u0131n\u00a0<i>joker<\/i>\u00a0olarak davet edildi\u011fi anlam\u0131na gelir.<sup id=\"cite_ref-7\" class=\"reference\"><\/sup><sup id=\"cite_ref-8\" class=\"reference\"><\/sup><\/p>\n<p>Tour de France\u00a0ve\u00a0Vuelta a Espa\u00f1a\u00a0ile birlikte Giro, bisikletin \u00fc\u00e7 haftal\u0131k prestijli\u00a0B\u00fcy\u00fck Turlar&#8217;\u0131ndan biridir.<sup id=\"cite_ref-Livestrong_Giro_Info_3-3\" class=\"reference\"><\/sup>\u00a0Giro genellikle May\u0131s ay\u0131nda yap\u0131l\u0131r, bazen Haziran ba\u015flar\u0131na kadar devam eder.<sup id=\"cite_ref-Livestrong_Giro_Info_3-4\" class=\"reference\"><\/sup>\u00a0Rota her y\u0131l de\u011fi\u015firken, en az iki kez zamana kar\u015f\u0131 ve\u00a0Dolomitler\u00a0de dahil olmak \u00fczere\u00a0Alplerden\u00a0bir ge\u00e7i\u015fle yar\u0131\u015f\u0131n format\u0131 ayn\u0131 kal\u0131r. Di\u011fer B\u00fcy\u00fck Turlar gibi, Giro d&#8217;Italia&#8217;n\u0131n modern s\u00fcr\u00fcmleri de normalde iki veya \u00fc\u00e7 dinlenme g\u00fcn\u00fc i\u00e7eren 23 veya 24 g\u00fcnl\u00fck bir s\u00fcre boyunca 21 etaptan olu\u015fur.<sup id=\"cite_ref-Livestrong_Giro_Info_3-5\" class=\"reference\"><\/sup><\/p>\n<p>En d\u00fc\u015f\u00fck toplam s\u00fcreye sahip bisiklet\u00e7i genel klasman\u0131n lideridir ve\u00a0pembe mayoyu\u00a0giyer. Genel klasman en \u00e7ok dikkati \u00e7ekerken, etap galibiyetleri de bisiklet\u00e7iler i\u00e7in prestijlidir. Genel klasman yan\u0131nda,\u00a0puan klasman\u0131, da\u011fc\u0131lar i\u00e7in\u00a0da\u011flar klasman\u0131, genel klasmanda en iyi s\u0131ralarda olan 25 ya\u015f\u0131n alt\u0131ndaki bisiklet\u00e7iler i\u00e7in\u00a0gen\u00e7 bisiklet\u00e7i klasman\u0131\u00a0ve\u00a0tak\u0131mlar klasman\u0131\u00a0da bulunmaktad\u0131r.<sup id=\"cite_ref-demystified_10-0\" class=\"reference\"><\/sup><\/p>\n<p>Tarih boyunca\u00a0Alfredo Binda,\u00a0Fausto Coppi\u00a0ve\u00a0Eddy Merckx\u00a0yar\u0131\u015f\u0131 5&#8217;er kez kazanarak en fazla kazanan bisiklet\u00e7iler olmu\u015flard\u0131r.<\/p>\n<\/div><\/div><\/div><\/div><\/div>\n","protected":false},"excerpt":{"rendered":"","protected":false},"author":2,"featured_media":2778,"comment_status":"open","ping_status":"open","sticky":false,"template":"","format":"standard","meta":{"footnotes":""},"categories":[3],"tags":[],"class_list":["post-2777","post","type-post","status-publish","format-standard","has-post-thumbnail","hentry","category-yarislar"],"_links":{"self":[{"href":"https:\/\/thegidon.com\/tr\/wp-json\/wp\/v2\/posts\/2777","targetHints":{"allow":["GET"]}}],"collection":[{"href":"https:\/\/thegidon.com\/tr\/wp-json\/wp\/v2\/posts"}],"about":[{"href":"https:\/\/thegidon.com\/tr\/wp-json\/wp\/v2\/types\/post"}],"author":[{"embeddable":true,"href":"https:\/\/thegidon.com\/tr\/wp-json\/wp\/v2\/users\/2"}],"replies":[{"embeddable":true,"href":"https:\/\/thegidon.com\/tr\/wp-json\/wp\/v2\/comments?post=2777"}],"version-history":[{"count":2,"href":"https:\/\/thegidon.com\/tr\/wp-json\/wp\/v2\/posts\/2777\/revisions"}],"predecessor-version":[{"id":2791,"href":"https:\/\/thegidon.com\/tr\/wp-json\/wp\/v2\/posts\/2777\/revisions\/2791"}],"wp:featuredmedia":[{"embeddable":true,"href":"https:\/\/thegidon.com\/tr\/wp-json\/wp\/v2\/media\/2778"}],"wp:attachment":[{"href":"https:\/\/thegidon.com\/tr\/wp-json\/wp\/v2\/media?parent=2777"}],"wp:term":[{"taxonomy":"category","embeddable":true,"href":"https:\/\/thegidon.com\/tr\/wp-json\/wp\/v2\/categories?post=2777"},{"taxonomy":"post_tag","embeddable":true,"href":"https:\/\/thegidon.com\/tr\/wp-json\/wp\/v2\/tags?post=2777"}],"curies":[{"name":"wp","href":"https:\/\/api.w.org\/{rel}","templated":true}]}}