{"id":2780,"date":"2024-10-04T15:47:12","date_gmt":"2024-10-04T12:47:12","guid":{"rendered":"https:\/\/thegidon.com\/tr\/?p=2780"},"modified":"2024-10-04T16:04:22","modified_gmt":"2024-10-04T13:04:22","slug":"ispanya-bisiklet-turu","status":"publish","type":"post","link":"https:\/\/thegidon.com\/tr\/2024\/10\/04\/ispanya-bisiklet-turu\/","title":{"rendered":"\u0130spanya Bisiklet Turu Vuelta a Espa\u00f1a"},"content":{"rendered":"<div class=\"fusion-fullwidth fullwidth-box fusion-builder-row-1 fusion-flex-container has-pattern-background has-mask-background nonhundred-percent-fullwidth non-hundred-percent-height-scrolling\" style=\"--awb-border-radius-top-left:0px;--awb-border-radius-top-right:0px;--awb-border-radius-bottom-right:0px;--awb-border-radius-bottom-left:0px;--awb-flex-wrap:wrap;\" ><div class=\"fusion-builder-row fusion-row fusion-flex-align-items-flex-start fusion-flex-content-wrap\" style=\"max-width:1302px;margin-left: calc(-5% \/ 2 );margin-right: calc(-5% \/ 2 );\"><div class=\"fusion-layout-column fusion_builder_column fusion-builder-column-0 fusion_builder_column_1_1 1_1 fusion-flex-column\" style=\"--awb-bg-size:cover;--awb-width-large:100%;--awb-margin-top-large:0px;--awb-spacing-right-large:2.375%;--awb-margin-bottom-large:0px;--awb-spacing-left-large:2.375%;--awb-width-medium:100%;--awb-order-medium:0;--awb-spacing-right-medium:2.375%;--awb-spacing-left-medium:2.375%;--awb-width-small:100%;--awb-order-small:0;--awb-spacing-right-small:2.375%;--awb-spacing-left-small:2.375%;\"><div class=\"fusion-column-wrapper fusion-column-has-shadow fusion-flex-justify-content-flex-start fusion-content-layout-column\"><div class=\"fusion-title title fusion-title-1 fusion-sep-none fusion-title-text fusion-title-size-one\"><h1 class=\"fusion-title-heading title-heading-left\" style=\"margin:0;\">Vuelta a Espa\u00f1a<\/h1><\/div><div class=\"fusion-text fusion-text-1\"><p><strong>Vuelta a Espa\u00f1a<\/strong>, \u0130spanya\u2019da her y\u0131l d\u00fczenlenen \u00fc\u00e7 haftal\u0131k bir yol bisiklet yar\u0131\u015f\u0131d\u0131r ve <strong>&#8220;Grand Tours&#8221;<\/strong> olarak bilinen \u00fc\u00e7 b\u00fcy\u00fck turdan biridir (di\u011ferleri <strong>Tour de France<\/strong> ve <strong>Giro d&#8217;Italia<\/strong>). \u0130lk kez 1935 y\u0131l\u0131nda d\u00fczenlenen Vuelta, \u0130spanyol bisiklet\u00e7ili\u011fi ve d\u00fcnya \u00e7ap\u0131nda profesyonel bisiklet takviminde \u00f6nemli bir yere sahiptir.<\/p>\n<p>Vuelta, eski\u00a0UCI ProTour\u00a0yeni\u00a0UCI D\u00fcnya Turu\u00a0etkinli\u011fidir, yani bu durum organizat\u00f6rlerin davet edebilece\u011fi\u00a0wildcard\u00a0tak\u0131mlar\u0131 hari\u00e7 olmak \u00fczere yar\u0131\u015fta yar\u0131\u015fan tak\u0131mlar\u0131n \u00e7o\u011funlukla\u00a0UCI D\u00fcnya Tak\u0131mlar\u0131\u00a0oldu\u011fu anlam\u0131na gelmektedir.<\/p>\n<p>Giro d&#8217;Italia\u00a0ve\u00a0Tour de France&#8217;\u0131n ba\u015far\u0131s\u0131ndan ilham alan yar\u0131\u015f ilk olarak 1935&#8217;te d\u00fczenlendi.<sup id=\"cite_ref-cyclingrevealed1_3-0\" class=\"reference\"><\/sup>\u00a0Yar\u0131\u015f\u0131n ilk y\u0131llar\u0131nda\u00a0\u0130spanyol \u0130\u00e7 Sava\u015f\u0131\u00a0ve\u00a0II. D\u00fcnya Sava\u015f\u0131\u00a0sebebiyle d\u00fczenlenmesi engellendi; ancak, yar\u0131\u015f 1955&#8217;ten beri her y\u0131l d\u00fczenlenmektedir.<sup id=\"cite_ref-cyclingrevealed1_3-1\" class=\"reference\"><\/sup>\u00a0Vuelta, prestij ve pop\u00fclerlik kazand\u0131k\u00e7a yar\u0131\u015f uzad\u0131 ve eri\u015fimi t\u00fcm d\u00fcnyada geni\u015flemeye ba\u015flad\u0131. 1979&#8217;dan beri etkinlik\u00a0Unipublic\u00a0taraf\u0131ndan sahnelenmi\u015f ve y\u00f6netilmi\u015ftir, ancak 2014&#8217;te\u00a0Amaury Sport Organisation\u00a0her ikisinin birlikte \u00e7al\u0131\u015fmas\u0131yla kontrol\u00fc ele ge\u00e7irdi.\u00a0Peloton, \u00f6ncelikle \u0130spanyol kat\u0131l\u0131m\u0131yla, d\u00fcnyan\u0131n d\u00f6rt bir yan\u0131ndan bisiklet\u00e7ileri kapsayacak \u015fekilde geni\u015fledi.<\/p>\n<p>Tour de France ve Giro d&#8217;Italia ile birlikte Vuelta, bisikletin prestijli \u00fc\u00e7 haftal\u0131k\u00a0B\u00fcy\u00fck Tur&#8217;lar\u0131 olu\u015fturmaktad\u0131r.<sup id=\"cite_ref-4\" class=\"reference\"><\/sup>\u00a0Yar\u0131\u015f g\u00fczergah\u0131 her y\u0131l de\u011fi\u015firken, yar\u0131\u015f\u0131n format\u0131nda; en az iki zamana kar\u015f\u0131 etab\u0131,\u00a0Pireneler\u00a0s\u0131ra da\u011flar\u0131ndan ge\u00e7i\u015f ve \u0130spanya&#8217;n\u0131n ba\u015fkenti\u00a0Madrid&#8217;deki biti\u015f genelde ayn\u0131 kalmaktad\u0131r. Vuelta a Espa\u00f1a&#8217;n\u0131n yak\u0131n tarihli s\u00fcr\u00fcmleri, 2 dinlenme g\u00fcn\u00fc, 21 g\u00fcn etaplar olmak \u00fczere 23 g\u00fcnden olu\u015fur.<\/p>\n<p>T\u00fcm etaplar biti\u015fe kadar zamanlan\u0131r, bitirdikten sonra bisiklet\u00e7ilerin zamanlar\u0131 \u00f6nceki etap zamanlar\u0131yla birle\u015ftirilir. Toplam zaman\u0131 en d\u00fc\u015f\u00fck olan, turu en k\u0131sa s\u00fcrede tamamlayan bisiklet\u00e7i yar\u0131\u015f\u0131n lideri, yani\u00a0genel klasman\u0131n\u00a0lideridir ve k\u0131rm\u0131z\u0131 mayoyu giyer. Genel klasman en \u00e7ok dikkat \u00e7eken klasman olup, sprinterler i\u00e7in\u00a0puan klasman\u0131, t\u0131rman\u0131\u015f\u00e7\u0131lar i\u00e7in\u00a0da\u011flar klasman\u0131, genel klasmanda en iyi durumda olan 26 ya\u015f alt\u0131 bisiklet\u00e7iler i\u00e7in\u00a0gen\u00e7ler klasman\u0131\u00a0ve tak\u0131mlar i\u00e7in\u00a0tak\u0131m klasman\u0131\u00a0gibi farkl\u0131 klasmanlar bulunmaktad\u0131r.<\/p>\n<\/div><\/div><\/div><\/div><\/div>\n","protected":false},"excerpt":{"rendered":"","protected":false},"author":2,"featured_media":2781,"comment_status":"open","ping_status":"open","sticky":false,"template":"","format":"standard","meta":{"footnotes":""},"categories":[3],"tags":[],"class_list":["post-2780","post","type-post","status-publish","format-standard","has-post-thumbnail","hentry","category-yarislar"],"_links":{"self":[{"href":"https:\/\/thegidon.com\/tr\/wp-json\/wp\/v2\/posts\/2780","targetHints":{"allow":["GET"]}}],"collection":[{"href":"https:\/\/thegidon.com\/tr\/wp-json\/wp\/v2\/posts"}],"about":[{"href":"https:\/\/thegidon.com\/tr\/wp-json\/wp\/v2\/types\/post"}],"author":[{"embeddable":true,"href":"https:\/\/thegidon.com\/tr\/wp-json\/wp\/v2\/users\/2"}],"replies":[{"embeddable":true,"href":"https:\/\/thegidon.com\/tr\/wp-json\/wp\/v2\/comments?post=2780"}],"version-history":[{"count":2,"href":"https:\/\/thegidon.com\/tr\/wp-json\/wp\/v2\/posts\/2780\/revisions"}],"predecessor-version":[{"id":2792,"href":"https:\/\/thegidon.com\/tr\/wp-json\/wp\/v2\/posts\/2780\/revisions\/2792"}],"wp:featuredmedia":[{"embeddable":true,"href":"https:\/\/thegidon.com\/tr\/wp-json\/wp\/v2\/media\/2781"}],"wp:attachment":[{"href":"https:\/\/thegidon.com\/tr\/wp-json\/wp\/v2\/media?parent=2780"}],"wp:term":[{"taxonomy":"category","embeddable":true,"href":"https:\/\/thegidon.com\/tr\/wp-json\/wp\/v2\/categories?post=2780"},{"taxonomy":"post_tag","embeddable":true,"href":"https:\/\/thegidon.com\/tr\/wp-json\/wp\/v2\/tags?post=2780"}],"curies":[{"name":"wp","href":"https:\/\/api.w.org\/{rel}","templated":true}]}}