{"id":2783,"date":"2024-10-04T15:52:49","date_gmt":"2024-10-04T12:52:49","guid":{"rendered":"https:\/\/thegidon.com\/tr\/?p=2783"},"modified":"2024-10-04T16:05:05","modified_gmt":"2024-10-04T13:05:05","slug":"tour-de-suisse-isvicre-turu","status":"publish","type":"post","link":"https:\/\/thegidon.com\/tr\/2024\/10\/04\/tour-de-suisse-isvicre-turu\/","title":{"rendered":"\u0130svi\u00e7re Turu Tour de Suisse"},"content":{"rendered":"<div class=\"fusion-fullwidth fullwidth-box fusion-builder-row-1 fusion-flex-container has-pattern-background has-mask-background nonhundred-percent-fullwidth non-hundred-percent-height-scrolling\" style=\"--awb-border-radius-top-left:0px;--awb-border-radius-top-right:0px;--awb-border-radius-bottom-right:0px;--awb-border-radius-bottom-left:0px;--awb-flex-wrap:wrap;\" ><div class=\"fusion-builder-row fusion-row fusion-flex-align-items-flex-start fusion-flex-content-wrap\" style=\"max-width:1302px;margin-left: calc(-5% \/ 2 );margin-right: calc(-5% \/ 2 );\"><div class=\"fusion-layout-column fusion_builder_column fusion-builder-column-0 fusion_builder_column_1_1 1_1 fusion-flex-column\" style=\"--awb-bg-size:cover;--awb-width-large:100%;--awb-margin-top-large:0px;--awb-spacing-right-large:2.375%;--awb-margin-bottom-large:0px;--awb-spacing-left-large:2.375%;--awb-width-medium:100%;--awb-order-medium:0;--awb-spacing-right-medium:2.375%;--awb-spacing-left-medium:2.375%;--awb-width-small:100%;--awb-order-small:0;--awb-spacing-right-small:2.375%;--awb-spacing-left-small:2.375%;\"><div class=\"fusion-column-wrapper fusion-column-has-shadow fusion-flex-justify-content-flex-start fusion-content-layout-column\"><div class=\"fusion-text fusion-text-1\"><p>Tour de Suisse, \u0130svi\u00e7re&#8217;de d\u00fczenlenen ve UCI World Tour takviminde yer alan prestijli bir yol bisiklet yar\u0131\u015f\u0131d\u0131r. \u0130lk kez 1933 y\u0131l\u0131nda d\u00fczenlenen bu \u00e7ok etapl\u0131 yar\u0131\u015f, bisiklet d\u00fcnyas\u0131nda b\u00fcy\u00fck bir \u00f6neme sahiptir. Yar\u0131\u015f, \u00f6zellikle Alp da\u011flar\u0131ndaki zorlu t\u0131rman\u0131\u015flar\u0131 ve \u0130svi\u00e7re\u2019nin zengin do\u011fa manzaralar\u0131yla bilinir. Genellikle her y\u0131l Haziran ay\u0131nda d\u00fczenlenen Tour de Suisse, bisiklet takviminin b\u00fcy\u00fck turlar\u0131ndan \u00f6nce ger\u00e7ekle\u015ftirilir ve bu nedenle Tour de France&#8217;a haz\u0131rl\u0131k niteli\u011fi ta\u015f\u0131r. Bisiklet\u00e7iler, bu yar\u0131\u015fta form durumlar\u0131n\u0131 test ederken ayn\u0131 zamanda b\u00fcy\u00fck turlar \u00f6ncesi strateji denemeleri yapma f\u0131rsat\u0131 bulurlar. \u00d6zellikle y\u00fcksek irtifal\u0131 da\u011f etaplar\u0131 ve bireysel zaman denemeleri, yar\u0131\u015f\u0131n zorluk seviyesini art\u0131ran unsurlar aras\u0131ndad\u0131r.<\/p>\n<p>Tour de Suisse, genellikle 9 ila 10 etap aras\u0131nda d\u00fczenlenir ve d\u00fcz etaplar, zaman denemeleri ve zorlu da\u011fl\u0131k t\u0131rman\u0131\u015flar\u0131 i\u00e7erir. Yar\u0131\u015f\u0131n lideri, sar\u0131 mayo giyer ve bu liderlik m\u00fccadelesi, bir\u00e7ok \u00fcnl\u00fc bisiklet\u00e7i taraf\u0131ndan kazan\u0131lm\u0131\u015ft\u0131r. Eddy Merckx, Miguel Indurain, Jan Ullrich ve Chris Froome gibi efsanevi bisiklet\u00e7iler bu yar\u0131\u015f\u0131 kazananlar aras\u0131ndad\u0131r. \u0130svi\u00e7re\u2019nin \u00fcnl\u00fc da\u011f ge\u00e7itlerinden ge\u00e7en parkurlar\u0131 ile yar\u0131\u015f, zorlu ve rekabet dolu ge\u00e7er. \u00d6zellikle San Gottardo ve Furka gibi da\u011f etaplar\u0131, bisiklet\u00e7ilerin fiziksel dayan\u0131kl\u0131l\u0131\u011f\u0131n\u0131 test eder. Bu \u00f6zellikleriyle Tour de Suisse, bisiklet d\u00fcnyas\u0131nda \u00f6nemli bir yere sahiptir ve her y\u0131l b\u00fcy\u00fck tak\u0131mlar\u0131n kat\u0131l\u0131m\u0131yla \u00e7eki\u015fmeli m\u00fccadelelere sahne olur.<\/p>\n<\/div><\/div><\/div><\/div><\/div>\n","protected":false},"excerpt":{"rendered":"","protected":false},"author":2,"featured_media":2784,"comment_status":"open","ping_status":"open","sticky":false,"template":"","format":"standard","meta":{"footnotes":""},"categories":[3],"tags":[128,126],"class_list":["post-2783","post","type-post","status-publish","format-standard","has-post-thumbnail","hentry","category-yarislar","tag-isvec","tag-yarislar"],"_links":{"self":[{"href":"https:\/\/thegidon.com\/tr\/wp-json\/wp\/v2\/posts\/2783","targetHints":{"allow":["GET"]}}],"collection":[{"href":"https:\/\/thegidon.com\/tr\/wp-json\/wp\/v2\/posts"}],"about":[{"href":"https:\/\/thegidon.com\/tr\/wp-json\/wp\/v2\/types\/post"}],"author":[{"embeddable":true,"href":"https:\/\/thegidon.com\/tr\/wp-json\/wp\/v2\/users\/2"}],"replies":[{"embeddable":true,"href":"https:\/\/thegidon.com\/tr\/wp-json\/wp\/v2\/comments?post=2783"}],"version-history":[{"count":2,"href":"https:\/\/thegidon.com\/tr\/wp-json\/wp\/v2\/posts\/2783\/revisions"}],"predecessor-version":[{"id":2793,"href":"https:\/\/thegidon.com\/tr\/wp-json\/wp\/v2\/posts\/2783\/revisions\/2793"}],"wp:featuredmedia":[{"embeddable":true,"href":"https:\/\/thegidon.com\/tr\/wp-json\/wp\/v2\/media\/2784"}],"wp:attachment":[{"href":"https:\/\/thegidon.com\/tr\/wp-json\/wp\/v2\/media?parent=2783"}],"wp:term":[{"taxonomy":"category","embeddable":true,"href":"https:\/\/thegidon.com\/tr\/wp-json\/wp\/v2\/categories?post=2783"},{"taxonomy":"post_tag","embeddable":true,"href":"https:\/\/thegidon.com\/tr\/wp-json\/wp\/v2\/tags?post=2783"}],"curies":[{"name":"wp","href":"https:\/\/api.w.org\/{rel}","templated":true}]}}