{"id":2786,"date":"2024-10-04T16:02:40","date_gmt":"2024-10-04T13:02:40","guid":{"rendered":"https:\/\/thegidon.com\/tr\/?p=2786"},"modified":"2024-10-04T16:02:40","modified_gmt":"2024-10-04T13:02:40","slug":"fransa-bisiklet-turu-criterium-du-dauphine","status":"publish","type":"post","link":"https:\/\/thegidon.com\/tr\/2024\/10\/04\/fransa-bisiklet-turu-criterium-du-dauphine\/","title":{"rendered":"Fransa Bisiklet Turu Crit\u00e9rium du Dauphin\u00e9"},"content":{"rendered":"<div class=\"fusion-fullwidth fullwidth-box fusion-builder-row-1 fusion-flex-container has-pattern-background has-mask-background nonhundred-percent-fullwidth non-hundred-percent-height-scrolling\" style=\"--awb-border-radius-top-left:0px;--awb-border-radius-top-right:0px;--awb-border-radius-bottom-right:0px;--awb-border-radius-bottom-left:0px;--awb-flex-wrap:wrap;\" ><div class=\"fusion-builder-row fusion-row fusion-flex-align-items-flex-start fusion-flex-content-wrap\" style=\"max-width:1302px;margin-left: calc(-5% \/ 2 );margin-right: calc(-5% \/ 2 );\"><div class=\"fusion-layout-column fusion_builder_column fusion-builder-column-0 fusion_builder_column_1_1 1_1 fusion-flex-column\" style=\"--awb-bg-size:cover;--awb-width-large:100%;--awb-margin-top-large:0px;--awb-spacing-right-large:2.375%;--awb-margin-bottom-large:0px;--awb-spacing-left-large:2.375%;--awb-width-medium:100%;--awb-order-medium:0;--awb-spacing-right-medium:2.375%;--awb-spacing-left-medium:2.375%;--awb-width-small:100%;--awb-order-small:0;--awb-spacing-right-small:2.375%;--awb-spacing-left-small:2.375%;\"><div class=\"fusion-column-wrapper fusion-column-has-shadow fusion-flex-justify-content-flex-start fusion-content-layout-column\"><div class=\"fusion-text fusion-text-1\"><p>Crit\u00e9rium du Dauphin\u00e9, Fransa&#8217;da her y\u0131l d\u00fczenlenen ve UCI World Tour takviminde yer alan \u00f6nemli bir \u00e7ok etapl\u0131 bisiklet yar\u0131\u015f\u0131d\u0131r. \u0130lk kez 1947 y\u0131l\u0131nda d\u00fczenlenen yar\u0131\u015f, \u00f6zellikle <strong>Tour de France<\/strong> \u00f6ncesinde b\u00fcy\u00fck bir haz\u0131rl\u0131k niteli\u011fi ta\u015f\u0131r. Bu yar\u0131\u015f, genellikle Haziran ay\u0131nda ger\u00e7ekle\u015ftirilir ve bisiklet d\u00fcnyas\u0131n\u0131n en yetenekli sporcular\u0131n\u0131 bir araya getirir. Crit\u00e9rium du Dauphin\u00e9, <strong>Fransa Alpleri<\/strong>&#8216;nin zorlu da\u011f ge\u00e7itlerinde ge\u00e7en parkurlar\u0131yla \u00fcnl\u00fcd\u00fcr ve bisiklet\u00e7ilerin hem t\u0131rman\u0131\u015f becerilerini hem de genel form durumlar\u0131n\u0131 test etmeleri i\u00e7in b\u00fcy\u00fck bir f\u0131rsat sunar.<\/p>\n<p>Tour de France\u2019tan \u00f6nce yap\u0131lmas\u0131 nedeniyle, Crit\u00e9rium du Dauphin\u00e9, bisiklet\u00e7ilerin Tour&#8217;da kar\u015f\u0131la\u015facaklar\u0131 da\u011f etaplar\u0131na benzer zorlu ko\u015fullar\u0131 sim\u00fcle eder. \u00d6zellikle <strong>Mont Ventoux<\/strong> gibi \u00fcnl\u00fc t\u0131rman\u0131\u015flar ve uzun bireysel zaman denemeleri, yar\u0131\u015f\u0131n en belirgin \u00f6zelliklerindendir. Yar\u0131\u015f genellikle 8 etap s\u00fcrer ve parkurlar\u0131, d\u00fcz sprint fini\u015fleri, t\u0131rman\u0131\u015f etaplar\u0131 ve zaman denemeleri gibi \u00e7e\u015fitli zorluklarla doludur. Bu etaplar sayesinde Crit\u00e9rium, bisiklet\u00e7ilerin \u00e7ok y\u00f6nl\u00fcl\u00fc\u011f\u00fcn\u00fc ve dayan\u0131kl\u0131l\u0131\u011f\u0131n\u0131 ortaya koyar. Genel klasman lideri, sar\u0131 mayo (maillot jaune) giyer ve yar\u0131\u015f boyunca zorlu rakiplerine kar\u015f\u0131 bu liderlik formas\u0131n\u0131 korumaya \u00e7al\u0131\u015f\u0131r.<\/p>\n<p>Yar\u0131\u015f tarihine bakt\u0131\u011f\u0131m\u0131zda, Crit\u00e9rium du Dauphin\u00e9&#8217;yi kazanm\u0131\u015f olanlar aras\u0131nda <strong>Chris Froome<\/strong>, <strong>Alberto Contador<\/strong>, <strong>Lance Armstrong<\/strong> ve <strong>Miguel Indurain<\/strong> gibi b\u00fcy\u00fck isimler bulunur. Bu isimler, Tour de France\u2019\u0131 kazanmadan \u00f6nce Crit\u00e9rium&#8217;daki ba\u015far\u0131lar\u0131yla dikkat \u00e7ekmi\u015flerdir. Bu nedenle yar\u0131\u015f, Tour de France&#8217;\u0131 kazanma potansiyeli olan sporcular i\u00e7in kritik bir g\u00f6sterge olarak kabul edilir. Da\u011fl\u0131k etaplar\u0131 ve y\u00fcksek irtifal\u0131 parkurlar\u0131 ile bu yar\u0131\u015f, b\u00fcy\u00fck turlardan \u00f6nceki son ciddi testlerden biridir. Hem bireysel zaman denemeleri hem de da\u011f etaplar\u0131ndaki sert rekabet, Crit\u00e9rium du Dauphin\u00e9&#8217;yi profesyonel bisiklet takviminin en zorlu ve sayg\u0131n yar\u0131\u015flar\u0131ndan biri haline getirmi\u015ftir.<\/p>\n<\/div><\/div><\/div><\/div><\/div>\n","protected":false},"excerpt":{"rendered":"","protected":false},"author":2,"featured_media":2787,"comment_status":"open","ping_status":"open","sticky":false,"template":"","format":"standard","meta":{"footnotes":""},"categories":[3],"tags":[],"class_list":["post-2786","post","type-post","status-publish","format-standard","has-post-thumbnail","hentry","category-yarislar"],"_links":{"self":[{"href":"https:\/\/thegidon.com\/tr\/wp-json\/wp\/v2\/posts\/2786","targetHints":{"allow":["GET"]}}],"collection":[{"href":"https:\/\/thegidon.com\/tr\/wp-json\/wp\/v2\/posts"}],"about":[{"href":"https:\/\/thegidon.com\/tr\/wp-json\/wp\/v2\/types\/post"}],"author":[{"embeddable":true,"href":"https:\/\/thegidon.com\/tr\/wp-json\/wp\/v2\/users\/2"}],"replies":[{"embeddable":true,"href":"https:\/\/thegidon.com\/tr\/wp-json\/wp\/v2\/comments?post=2786"}],"version-history":[{"count":1,"href":"https:\/\/thegidon.com\/tr\/wp-json\/wp\/v2\/posts\/2786\/revisions"}],"predecessor-version":[{"id":2788,"href":"https:\/\/thegidon.com\/tr\/wp-json\/wp\/v2\/posts\/2786\/revisions\/2788"}],"wp:featuredmedia":[{"embeddable":true,"href":"https:\/\/thegidon.com\/tr\/wp-json\/wp\/v2\/media\/2787"}],"wp:attachment":[{"href":"https:\/\/thegidon.com\/tr\/wp-json\/wp\/v2\/media?parent=2786"}],"wp:term":[{"taxonomy":"category","embeddable":true,"href":"https:\/\/thegidon.com\/tr\/wp-json\/wp\/v2\/categories?post=2786"},{"taxonomy":"post_tag","embeddable":true,"href":"https:\/\/thegidon.com\/tr\/wp-json\/wp\/v2\/tags?post=2786"}],"curies":[{"name":"wp","href":"https:\/\/api.w.org\/{rel}","templated":true}]}}