{"id":2789,"date":"2024-10-04T16:15:01","date_gmt":"2024-10-04T13:15:01","guid":{"rendered":"https:\/\/thegidon.com\/tr\/?p=2789"},"modified":"2024-10-04T16:15:01","modified_gmt":"2024-10-04T13:15:01","slug":"fransa-bisiklet-turu-paris-nice","status":"publish","type":"post","link":"https:\/\/thegidon.com\/tr\/2024\/10\/04\/fransa-bisiklet-turu-paris-nice\/","title":{"rendered":"Fransa Bisiklet Turu Paris-Nice"},"content":{"rendered":"<div class=\"fusion-fullwidth fullwidth-box fusion-builder-row-1 fusion-flex-container has-pattern-background has-mask-background nonhundred-percent-fullwidth non-hundred-percent-height-scrolling\" style=\"--awb-border-radius-top-left:0px;--awb-border-radius-top-right:0px;--awb-border-radius-bottom-right:0px;--awb-border-radius-bottom-left:0px;--awb-flex-wrap:wrap;\" ><div class=\"fusion-builder-row fusion-row fusion-flex-align-items-flex-start fusion-flex-content-wrap\" style=\"max-width:1302px;margin-left: calc(-5% \/ 2 );margin-right: calc(-5% \/ 2 );\"><div class=\"fusion-layout-column fusion_builder_column fusion-builder-column-0 fusion_builder_column_1_1 1_1 fusion-flex-column\" style=\"--awb-bg-size:cover;--awb-width-large:100%;--awb-margin-top-large:0px;--awb-spacing-right-large:2.375%;--awb-margin-bottom-large:0px;--awb-spacing-left-large:2.375%;--awb-width-medium:100%;--awb-order-medium:0;--awb-spacing-right-medium:2.375%;--awb-spacing-left-medium:2.375%;--awb-width-small:100%;--awb-order-small:0;--awb-spacing-right-small:2.375%;--awb-spacing-left-small:2.375%;\"><div class=\"fusion-column-wrapper fusion-column-has-shadow fusion-flex-justify-content-flex-start fusion-content-layout-column\"><div class=\"fusion-text fusion-text-1\"><p><strong>Paris-Nice<\/strong>, Fransa&#8217;da her y\u0131l Mart ay\u0131nda d\u00fczenlenen ve UCI World Tour kapsam\u0131nda yer alan \u00e7ok etapl\u0131 bir yol bisiklet yar\u0131\u015f\u0131d\u0131r. <strong>&#8220;G\u00fcne\u015fe Yolculuk&#8221;<\/strong> olarak da bilinen bu yar\u0131\u015f, bisiklet sezonunun erken d\u00f6neminde ger\u00e7ekle\u015fti\u011fi i\u00e7in sporcular\u0131n form durumlar\u0131n\u0131 test edebilmeleri a\u00e7\u0131s\u0131ndan b\u00fcy\u00fck \u00f6neme sahiptir. \u0130lk kez 1933 y\u0131l\u0131nda d\u00fczenlenen Paris-Nice, Fransa\u2019n\u0131n kuzeyindeki Paris\u2019ten ba\u015flar ve g\u00fcneydeki Akdeniz k\u0131y\u0131s\u0131ndaki Nice\u2019e kadar uzan\u0131r. Yar\u0131\u015f, genellikle k\u0131\u015f\u0131n so\u011fuk hava ko\u015fullar\u0131ndan g\u00fcne\u015fli ve daha s\u0131cak Akdeniz sahillerine do\u011fru bir ge\u00e7i\u015fi temsil eder.<\/p>\n<p>Paris-Nice, <strong>8 etap<\/strong> s\u00fcrer ve hem d\u00fcz etaplar hem de zorlu t\u0131rman\u0131\u015flar i\u00e7erir. Yar\u0131\u015f\u0131n ilk g\u00fcnleri, genellikle d\u00fcz profilli ve sprinterlerin avantaj sa\u011flayabilece\u011fi parkurlarla ba\u015flarken, son etaplar Alpler\u2019in eteklerine yakla\u015ft\u0131k\u00e7a da\u011fc\u0131lar i\u00e7in daha elveri\u015fli hale gelir. Bu etaplar aras\u0131nda bireysel zamana kar\u015f\u0131 m\u00fccadeleler de yer al\u0131r ve bu, genel klasman m\u00fccadelesinde belirleyici olabilir. Yar\u0131\u015f\u0131n son etab\u0131, Nice \u00e7evresindeki zorlu t\u0131rman\u0131\u015flarla son bulur ve burada yar\u0131\u015f\u0131n genel klasman lideri b\u00fcy\u00fck bir rekabetle kar\u015f\u0131la\u015f\u0131r. <strong>Col d\u2019\u00c8ze<\/strong> t\u0131rman\u0131\u015f\u0131, \u00f6zellikle son etapta \u00f6nemli bir rol oynayan \u00fcnl\u00fc bir t\u0131rman\u0131\u015f noktas\u0131d\u0131r.<\/p>\n<p>Paris-Nice, sezonun ilk b\u00fcy\u00fck etap yar\u0131\u015flar\u0131ndan biri olmas\u0131 nedeniyle, Tour de France&#8217;a haz\u0131rl\u0131k niteli\u011fi ta\u015f\u0131yan bisiklet\u00e7iler i\u00e7in olduk\u00e7a stratejik bir konuma sahiptir. Bu nedenle, bir\u00e7ok b\u00fcy\u00fck bisiklet\u00e7i, yar\u0131\u015f sezonuna burada ba\u015flar. <strong>Eddy Merckx<\/strong>, <strong>Sean Kelly<\/strong>, <strong>Miguel Indurain<\/strong> ve daha yak\u0131n tarihlerde <strong>Primo\u017e Rogli\u010d<\/strong> gibi \u00fcnl\u00fc bisiklet\u00e7iler Paris-Nice\u2019yi kazanan isimler aras\u0131ndad\u0131r. Yar\u0131\u015f, genellikle sert hava ko\u015fullar\u0131na da sahne olur; ya\u011fmur, r\u00fczgar ve so\u011fuk hava, bisiklet\u00e7ilerin dayan\u0131kl\u0131l\u0131\u011f\u0131n\u0131 s\u0131nar. Paris-Nice, bisiklet\u00e7ilerin \u00e7ok y\u00f6nl\u00fc yeteneklerini sergileyebilecekleri bir sahne sunar ve genel klasman liderine verilen <strong>sar\u0131 mayo<\/strong>, yar\u0131\u015f boyunca prestijin bir sembol\u00fcd\u00fcr. Bu y\u00fczden Paris-Nice, bisiklet d\u00fcnyas\u0131nda hem tarihi hem de rekabet\u00e7i anlamda b\u00fcy\u00fck bir yer edinmi\u015ftir.<\/p>\n<\/div><\/div><\/div><\/div><\/div>\n","protected":false},"excerpt":{"rendered":"","protected":false},"author":2,"featured_media":2794,"comment_status":"open","ping_status":"open","sticky":false,"template":"","format":"standard","meta":{"footnotes":""},"categories":[3],"tags":[],"class_list":["post-2789","post","type-post","status-publish","format-standard","has-post-thumbnail","hentry","category-yarislar"],"_links":{"self":[{"href":"https:\/\/thegidon.com\/tr\/wp-json\/wp\/v2\/posts\/2789","targetHints":{"allow":["GET"]}}],"collection":[{"href":"https:\/\/thegidon.com\/tr\/wp-json\/wp\/v2\/posts"}],"about":[{"href":"https:\/\/thegidon.com\/tr\/wp-json\/wp\/v2\/types\/post"}],"author":[{"embeddable":true,"href":"https:\/\/thegidon.com\/tr\/wp-json\/wp\/v2\/users\/2"}],"replies":[{"embeddable":true,"href":"https:\/\/thegidon.com\/tr\/wp-json\/wp\/v2\/comments?post=2789"}],"version-history":[{"count":1,"href":"https:\/\/thegidon.com\/tr\/wp-json\/wp\/v2\/posts\/2789\/revisions"}],"predecessor-version":[{"id":2795,"href":"https:\/\/thegidon.com\/tr\/wp-json\/wp\/v2\/posts\/2789\/revisions\/2795"}],"wp:featuredmedia":[{"embeddable":true,"href":"https:\/\/thegidon.com\/tr\/wp-json\/wp\/v2\/media\/2794"}],"wp:attachment":[{"href":"https:\/\/thegidon.com\/tr\/wp-json\/wp\/v2\/media?parent=2789"}],"wp:term":[{"taxonomy":"category","embeddable":true,"href":"https:\/\/thegidon.com\/tr\/wp-json\/wp\/v2\/categories?post=2789"},{"taxonomy":"post_tag","embeddable":true,"href":"https:\/\/thegidon.com\/tr\/wp-json\/wp\/v2\/tags?post=2789"}],"curies":[{"name":"wp","href":"https:\/\/api.w.org\/{rel}","templated":true}]}}