{"id":2796,"date":"2024-10-04T16:38:32","date_gmt":"2024-10-04T13:38:32","guid":{"rendered":"https:\/\/thegidon.com\/tr\/?p=2796"},"modified":"2024-10-04T16:38:32","modified_gmt":"2024-10-04T13:38:32","slug":"italya-bisiklet-turu-tirreno-adriatico","status":"publish","type":"post","link":"https:\/\/thegidon.com\/tr\/2024\/10\/04\/italya-bisiklet-turu-tirreno-adriatico\/","title":{"rendered":"\u0130talya Bisiklet Turu Tirreno-Adriatico"},"content":{"rendered":"<div class=\"fusion-fullwidth fullwidth-box fusion-builder-row-1 fusion-flex-container has-pattern-background has-mask-background nonhundred-percent-fullwidth non-hundred-percent-height-scrolling\" style=\"--awb-border-radius-top-left:0px;--awb-border-radius-top-right:0px;--awb-border-radius-bottom-right:0px;--awb-border-radius-bottom-left:0px;--awb-flex-wrap:wrap;\" ><div class=\"fusion-builder-row fusion-row fusion-flex-align-items-flex-start fusion-flex-content-wrap\" style=\"max-width:1302px;margin-left: calc(-5% \/ 2 );margin-right: calc(-5% \/ 2 );\"><div class=\"fusion-layout-column fusion_builder_column fusion-builder-column-0 fusion_builder_column_1_1 1_1 fusion-flex-column\" style=\"--awb-bg-size:cover;--awb-width-large:100%;--awb-margin-top-large:0px;--awb-spacing-right-large:2.375%;--awb-margin-bottom-large:0px;--awb-spacing-left-large:2.375%;--awb-width-medium:100%;--awb-order-medium:0;--awb-spacing-right-medium:2.375%;--awb-spacing-left-medium:2.375%;--awb-width-small:100%;--awb-order-small:0;--awb-spacing-right-small:2.375%;--awb-spacing-left-small:2.375%;\"><div class=\"fusion-column-wrapper fusion-column-has-shadow fusion-flex-justify-content-flex-start fusion-content-layout-column\"><div class=\"fusion-text fusion-text-1\"><p><strong>Tirreno-Adriatico<\/strong>, her y\u0131l \u0130talya\u2019da d\u00fczenlenen ve UCI World Tour takvimine dahil olan \u00e7ok etapl\u0131 bir yol bisiklet yar\u0131\u015f\u0131d\u0131r. &#8220;\u0130ki Deniz Aras\u0131 Turu&#8221; olarak da bilinen bu yar\u0131\u015f, \u0130talya&#8217;n\u0131n bat\u0131 sahilindeki Tirreno Denizi&#8217;nden do\u011fudaki Adriyatik Denizi&#8217;ne kadar uzan\u0131r. \u0130lk olarak 1966 y\u0131l\u0131nda d\u00fczenlenmi\u015ftir ve genellikle Mart ay\u0131n\u0131n ortalar\u0131nda yap\u0131l\u0131r. Bu yar\u0131\u015f, hem bisiklet sezonunun ba\u015flang\u0131c\u0131nda \u00f6nemli bir yere sahip olup, hem de Giro d\u2019Italia\u2019ya haz\u0131rl\u0131k olarak kabul edilir<\/p>\n<p>Tirreno-Adriatico genellikle 7 ila 8 etap aras\u0131nda de\u011fi\u015fir ve parkurlar, d\u00fcz etaplardan da\u011f t\u0131rman\u0131\u015flar\u0131na kadar \u00e7e\u015fitlilik g\u00f6sterir. Yar\u0131\u015f\u0131n ba\u015flang\u0131\u00e7 noktas\u0131 genellikle bat\u0131 k\u0131y\u0131s\u0131ndaki bir \u015fehirken, fini\u015f noktas\u0131 do\u011fu k\u0131y\u0131s\u0131ndaki bir \u015fehirde yer al\u0131r. Yar\u0131\u015f, sprinterler ve da\u011fc\u0131lar i\u00e7in farkl\u0131 f\u0131rsatlar sunar. \u00d6nemli bir \u00f6zellik olarak, bireysel zaman denemeleri de yar\u0131\u015f\u0131n \u00f6nemli bir par\u00e7as\u0131d\u0131r. Genel klasman lideri, <strong>mavi mayo<\/strong> (maillot azzurro) giyer ve bu liderlik formas\u0131, yar\u0131\u015f boyunca kazand\u0131\u011f\u0131 ba\u015far\u0131y\u0131 simgeler.<\/p>\n<p>Tirreno-Adriatico, bisiklet d\u00fcnyas\u0131nda prestijli bir yar\u0131\u015f olarak kabul edilmektedir. Bir\u00e7ok \u00fcnl\u00fc bisiklet\u00e7i, bu yar\u0131\u015f\u0131 kazanarak Giro d\u2019Italia\u2019daki ba\u015far\u0131lar\u0131na zemin haz\u0131rlam\u0131\u015ft\u0131r. <strong>Eddy Merckx<\/strong>, <strong>Bernard Hinault<\/strong>, <strong>Marco Pantani<\/strong>, <strong>Alberto Contador<\/strong> gibi efsanevi isimler bu yar\u0131\u015fta zafer elde etmi\u015ftir. Daha yak\u0131n tarihlerde ise <strong>Vincenzo Nibali<\/strong> ve <strong>Tadej Poga\u010dar<\/strong> gibi gen\u00e7 yetenekler, bu prestijli yar\u0131\u015f\u0131 kazanarak dikkat \u00e7ekmi\u015ftir.<\/p>\n<p>Yar\u0131\u015f, \u00f6zellikle genel klasman bisiklet\u00e7ileri i\u00e7in \u00f6nemli bir test alan\u0131d\u0131r. Zorlu da\u011f etaplar\u0131 ve zaman denemeleri, bisiklet\u00e7ilerin \u00e7ok y\u00f6nl\u00fc yeteneklerini sergilemelerine olanak tan\u0131r. Bu nedenle, Tirreno-Adriatico, profesyonel bisiklet takviminin en zorlu ve sayg\u0131n yar\u0131\u015flar\u0131ndan biri olarak \u00f6ne \u00e7\u0131kmaktad\u0131r. Her y\u0131l bir\u00e7ok \u00f6nemli tak\u0131m ve bisiklet\u00e7i bu yar\u0131\u015fa kat\u0131larak, hem form durumlar\u0131n\u0131 test eder hem de sezonun geri kalan\u0131na haz\u0131rlanmaya \u00e7al\u0131\u015f\u0131r.<\/p>\n<\/div><\/div><\/div><\/div><\/div>\n","protected":false},"excerpt":{"rendered":"","protected":false},"author":2,"featured_media":2797,"comment_status":"open","ping_status":"open","sticky":false,"template":"","format":"standard","meta":{"footnotes":""},"categories":[3],"tags":[],"class_list":["post-2796","post","type-post","status-publish","format-standard","has-post-thumbnail","hentry","category-yarislar"],"_links":{"self":[{"href":"https:\/\/thegidon.com\/tr\/wp-json\/wp\/v2\/posts\/2796","targetHints":{"allow":["GET"]}}],"collection":[{"href":"https:\/\/thegidon.com\/tr\/wp-json\/wp\/v2\/posts"}],"about":[{"href":"https:\/\/thegidon.com\/tr\/wp-json\/wp\/v2\/types\/post"}],"author":[{"embeddable":true,"href":"https:\/\/thegidon.com\/tr\/wp-json\/wp\/v2\/users\/2"}],"replies":[{"embeddable":true,"href":"https:\/\/thegidon.com\/tr\/wp-json\/wp\/v2\/comments?post=2796"}],"version-history":[{"count":1,"href":"https:\/\/thegidon.com\/tr\/wp-json\/wp\/v2\/posts\/2796\/revisions"}],"predecessor-version":[{"id":2798,"href":"https:\/\/thegidon.com\/tr\/wp-json\/wp\/v2\/posts\/2796\/revisions\/2798"}],"wp:featuredmedia":[{"embeddable":true,"href":"https:\/\/thegidon.com\/tr\/wp-json\/wp\/v2\/media\/2797"}],"wp:attachment":[{"href":"https:\/\/thegidon.com\/tr\/wp-json\/wp\/v2\/media?parent=2796"}],"wp:term":[{"taxonomy":"category","embeddable":true,"href":"https:\/\/thegidon.com\/tr\/wp-json\/wp\/v2\/categories?post=2796"},{"taxonomy":"post_tag","embeddable":true,"href":"https:\/\/thegidon.com\/tr\/wp-json\/wp\/v2\/tags?post=2796"}],"curies":[{"name":"wp","href":"https:\/\/api.w.org\/{rel}","templated":true}]}}