{"id":2802,"date":"2024-10-04T16:49:23","date_gmt":"2024-10-04T13:49:23","guid":{"rendered":"https:\/\/thegidon.com\/tr\/?p=2802"},"modified":"2024-10-04T16:49:23","modified_gmt":"2024-10-04T13:49:23","slug":"avusturalya-bisiklet-turu","status":"publish","type":"post","link":"https:\/\/thegidon.com\/tr\/2024\/10\/04\/avusturalya-bisiklet-turu\/","title":{"rendered":"Avusturalya Bisiklet Turu"},"content":{"rendered":"<div class=\"fusion-fullwidth fullwidth-box fusion-builder-row-1 fusion-flex-container has-pattern-background has-mask-background nonhundred-percent-fullwidth non-hundred-percent-height-scrolling\" style=\"--awb-border-radius-top-left:0px;--awb-border-radius-top-right:0px;--awb-border-radius-bottom-right:0px;--awb-border-radius-bottom-left:0px;--awb-flex-wrap:wrap;\" ><div class=\"fusion-builder-row fusion-row fusion-flex-align-items-flex-start fusion-flex-content-wrap\" style=\"max-width:1302px;margin-left: calc(-5% \/ 2 );margin-right: calc(-5% \/ 2 );\"><div class=\"fusion-layout-column fusion_builder_column fusion-builder-column-0 fusion_builder_column_1_1 1_1 fusion-flex-column\" style=\"--awb-bg-size:cover;--awb-width-large:100%;--awb-margin-top-large:0px;--awb-spacing-right-large:2.375%;--awb-margin-bottom-large:0px;--awb-spacing-left-large:2.375%;--awb-width-medium:100%;--awb-order-medium:0;--awb-spacing-right-medium:2.375%;--awb-spacing-left-medium:2.375%;--awb-width-small:100%;--awb-order-small:0;--awb-spacing-right-small:2.375%;--awb-spacing-left-small:2.375%;\"><div class=\"fusion-column-wrapper fusion-column-has-shadow fusion-flex-justify-content-flex-start fusion-content-layout-column\"><div class=\"fusion-text fusion-text-1\"><p><strong>our Down Under<\/strong>, her y\u0131l Avustralya&#8217;n\u0131n G\u00fcney Avustralya eyaletinde d\u00fczenlenen ve UCI World Tour takvimine dahil olan \u00e7ok etapl\u0131 bir yol bisiklet yar\u0131\u015f\u0131d\u0131r. \u0130lk kez 1999 y\u0131l\u0131nda ger\u00e7ekle\u015ftirilen bu yar\u0131\u015f, genellikle Ocak ay\u0131nda d\u00fczenlenir ve bisiklet sezonunun ba\u015flang\u0131c\u0131n\u0131 i\u015faret eder. Yar\u0131\u015f, Avustralya\u2019n\u0131n g\u00fczel manzaralar\u0131 ve s\u0131cak iklimi ile dikkat \u00e7eker ve bu nedenle hem yerel hem de uluslararas\u0131 bisiklet\u00e7iler i\u00e7in cazip bir etkinlik haline gelmi\u015ftir.<\/p>\n<p>Tour Down Under genellikle 6 ila 7 etap aras\u0131nda de\u011fi\u015fir. Etaplar, d\u00fcz parkurlar ve hafif t\u0131rman\u0131\u015flar i\u00e7ermektedir. Yar\u0131\u015f\u0131n parkurlar\u0131, Adelaide \u015fehir merkezi etraf\u0131nda ve \u00e7evresindeki g\u00fczel k\u0131rsal alanlarda ge\u00e7erken, kat\u0131l\u0131mc\u0131lara hem sprint hem de t\u0131rman\u0131\u015f f\u0131rsatlar\u0131 sunar. Genel klasman lideri, yar\u0131\u015f boyunca giydi\u011fi <strong>yavru mavi mayo<\/strong> (maillot bleu) ile temsil edilir. Bu mayo, liderlik pozisyonunu simgeler ve b\u00fcy\u00fck bir prestij ta\u015f\u0131r.<\/p>\n<p>Tour Down Under, Avustralya&#8217;daki en prestijli bisiklet yar\u0131\u015flar\u0131ndan biri olarak kabul edilmektedir. Yar\u0131\u015f, Avustralya bisikletinin uluslararas\u0131 alanda tan\u0131nmas\u0131na yard\u0131mc\u0131 olmu\u015f ve bir\u00e7ok \u00fcnl\u00fc bisiklet\u00e7iyi a\u011f\u0131rlam\u0131\u015ft\u0131r. <strong>Cadel Evans<\/strong>, <strong>Mark Cavendish<\/strong>, <strong>Simon Gerrans<\/strong> ve daha yak\u0131n tarihlerde <strong>Dylan Groenewegen<\/strong> gibi bir\u00e7ok \u00fcnl\u00fc bisiklet\u00e7i bu yar\u0131\u015fta zafer elde etmi\u015ftir. Tour Down Under, Avustralya&#8217;n\u0131n bisiklet sporundaki \u00f6nemini art\u0131rm\u0131\u015f ve gen\u00e7 yeteneklerin ke\u015ffedilmesine katk\u0131 sa\u011flam\u0131\u015ft\u0131r.<\/p>\n<p>Tour Down Under, her y\u0131l yerel ekonomiye b\u00fcy\u00fck katk\u0131 sa\u011flar. Yar\u0131\u015f, binlerce yerli ve yabanc\u0131 turistin b\u00f6lgeye gelmesine neden olur, bu da konaklama, yiyecek ve ula\u015f\u0131m sekt\u00f6rlerini canland\u0131r\u0131r. Ayr\u0131ca, yar\u0131\u015f\u0131n televizyon yay\u0131nlar\u0131 ve medya kapsam\u0131, Avustralya&#8217;n\u0131n do\u011fal g\u00fczelliklerini ve k\u00fclt\u00fcrel zenginliklerini d\u00fcnya \u00e7ap\u0131nda tan\u0131tmaktad\u0131r.<\/p>\n<\/div><\/div><\/div><\/div><\/div>\n","protected":false},"excerpt":{"rendered":"","protected":false},"author":2,"featured_media":2803,"comment_status":"open","ping_status":"open","sticky":false,"template":"","format":"standard","meta":{"footnotes":""},"categories":[3],"tags":[],"class_list":["post-2802","post","type-post","status-publish","format-standard","has-post-thumbnail","hentry","category-yarislar"],"_links":{"self":[{"href":"https:\/\/thegidon.com\/tr\/wp-json\/wp\/v2\/posts\/2802","targetHints":{"allow":["GET"]}}],"collection":[{"href":"https:\/\/thegidon.com\/tr\/wp-json\/wp\/v2\/posts"}],"about":[{"href":"https:\/\/thegidon.com\/tr\/wp-json\/wp\/v2\/types\/post"}],"author":[{"embeddable":true,"href":"https:\/\/thegidon.com\/tr\/wp-json\/wp\/v2\/users\/2"}],"replies":[{"embeddable":true,"href":"https:\/\/thegidon.com\/tr\/wp-json\/wp\/v2\/comments?post=2802"}],"version-history":[{"count":1,"href":"https:\/\/thegidon.com\/tr\/wp-json\/wp\/v2\/posts\/2802\/revisions"}],"predecessor-version":[{"id":2804,"href":"https:\/\/thegidon.com\/tr\/wp-json\/wp\/v2\/posts\/2802\/revisions\/2804"}],"wp:featuredmedia":[{"embeddable":true,"href":"https:\/\/thegidon.com\/tr\/wp-json\/wp\/v2\/media\/2803"}],"wp:attachment":[{"href":"https:\/\/thegidon.com\/tr\/wp-json\/wp\/v2\/media?parent=2802"}],"wp:term":[{"taxonomy":"category","embeddable":true,"href":"https:\/\/thegidon.com\/tr\/wp-json\/wp\/v2\/categories?post=2802"},{"taxonomy":"post_tag","embeddable":true,"href":"https:\/\/thegidon.com\/tr\/wp-json\/wp\/v2\/tags?post=2802"}],"curies":[{"name":"wp","href":"https:\/\/api.w.org\/{rel}","templated":true}]}}