{"id":2805,"date":"2024-10-04T16:54:46","date_gmt":"2024-10-04T13:54:46","guid":{"rendered":"https:\/\/thegidon.com\/tr\/?p=2805"},"modified":"2024-10-04T16:54:46","modified_gmt":"2024-10-04T13:54:46","slug":"ispanya-bisiklet-turu-volta-a-catalunya","status":"publish","type":"post","link":"https:\/\/thegidon.com\/tr\/2024\/10\/04\/ispanya-bisiklet-turu-volta-a-catalunya\/","title":{"rendered":"\u0130spanya Bisiklet Turu Volta a Catalunya"},"content":{"rendered":"<div class=\"fusion-fullwidth fullwidth-box fusion-builder-row-1 fusion-flex-container has-pattern-background has-mask-background nonhundred-percent-fullwidth non-hundred-percent-height-scrolling\" style=\"--awb-border-radius-top-left:0px;--awb-border-radius-top-right:0px;--awb-border-radius-bottom-right:0px;--awb-border-radius-bottom-left:0px;--awb-flex-wrap:wrap;\" ><div class=\"fusion-builder-row fusion-row fusion-flex-align-items-flex-start fusion-flex-content-wrap\" style=\"max-width:1302px;margin-left: calc(-5% \/ 2 );margin-right: calc(-5% \/ 2 );\"><div class=\"fusion-layout-column fusion_builder_column fusion-builder-column-0 fusion_builder_column_1_1 1_1 fusion-flex-column\" style=\"--awb-bg-size:cover;--awb-width-large:100%;--awb-margin-top-large:0px;--awb-spacing-right-large:2.375%;--awb-margin-bottom-large:0px;--awb-spacing-left-large:2.375%;--awb-width-medium:100%;--awb-order-medium:0;--awb-spacing-right-medium:2.375%;--awb-spacing-left-medium:2.375%;--awb-width-small:100%;--awb-order-small:0;--awb-spacing-right-small:2.375%;--awb-spacing-left-small:2.375%;\"><div class=\"fusion-column-wrapper fusion-column-has-shadow fusion-flex-justify-content-flex-start fusion-content-layout-column\"><div class=\"fusion-text fusion-text-1\"><p><strong>Volta a Catalunya<\/strong>, \u0130spanya&#8217;n\u0131n Katalonya b\u00f6lgesinde her y\u0131l d\u00fczenlenen ve UCI World Tour takvimine dahil olan \u00e7ok etapl\u0131 bir yol bisiklet yar\u0131\u015f\u0131d\u0131r. \u0130lk kez 1911 y\u0131l\u0131nda ger\u00e7ekle\u015ftirilen bu yar\u0131\u015f, d\u00fcnyan\u0131n en eski bisiklet yar\u0131\u015flar\u0131ndan biridir. Genellikle Mart ay\u0131n\u0131n sonlar\u0131na do\u011fru d\u00fczenlenir ve hem ulusal hem de uluslararas\u0131 bisiklet\u00e7ilerin kat\u0131l\u0131m\u0131na ev sahipli\u011fi yapar.<\/p>\n<p>Volta a Catalunya genellikle 7 ila 8 etap aras\u0131nda de\u011fi\u015fir. Parkurlar, d\u00fcz etaplardan da\u011f t\u0131rman\u0131\u015flar\u0131na kadar \u00e7e\u015fitlilik g\u00f6sterir. Yar\u0131\u015f, Katalonya&#8217;n\u0131n g\u00fczel manzaralar\u0131ndan ge\u00e7erken, bisiklet\u00e7ilerin sprint ve t\u0131rman\u0131\u015f yeteneklerini sergilemelerine olanak tan\u0131r. Genel klasman lideri, yar\u0131\u015f boyunca giydi\u011fi <strong>mavi mayo<\/strong> (maillot blau) ile temsil edilir, bu da liderlik pozisyonunu simgeler.<\/p>\n<p>Volta a Catalunya, Katalonya&#8217;n\u0131n ve genel olarak \u0130spanya&#8217;n\u0131n bisiklet sporundaki \u00f6nemini art\u0131rm\u0131\u015ft\u0131r. Bir\u00e7ok \u00fcnl\u00fc bisiklet\u00e7i, bu yar\u0131\u015fta zafer elde etmi\u015f ve uluslararas\u0131 alanda tan\u0131nm\u0131\u015ft\u0131r. <strong>Miguel Indurain<\/strong>, <strong>Eddy Merckx<\/strong>, <strong>Bernard Hinault<\/strong> ve daha yak\u0131n tarihlerde <strong>Chris Froome<\/strong> gibi isimler bu yar\u0131\u015fta \u00f6ne \u00e7\u0131kan sporculard\u0131r. Yar\u0131\u015f, Katalonya&#8217;n\u0131n yerel k\u00fclt\u00fcr\u00fcn\u00fc tan\u0131t\u0131rken, bisiklet sporunun geli\u015fimine de katk\u0131da bulunmaktad\u0131r.<\/p>\n<p>Volta a Catalunya, d\u00fczenlendi\u011fi her y\u0131l, yerel ekonomilere b\u00fcy\u00fck katk\u0131 sa\u011flamaktad\u0131r. Yar\u0131\u015f, binlerce turistin b\u00f6lgeye gelmesine neden olur ve bu da konaklama, yiyecek ve ula\u015f\u0131m sekt\u00f6rlerini canland\u0131r\u0131r. Ayr\u0131ca, yar\u0131\u015f\u0131n televizyon yay\u0131nlar\u0131 ve medya kapsam\u0131, Katalonya\u2019n\u0131n do\u011fal g\u00fczelliklerini ve k\u00fclt\u00fcrel zenginliklerini d\u00fcnya \u00e7ap\u0131nda tan\u0131tmaktad\u0131r.<\/p>\n<\/div><\/div><\/div><\/div><\/div>\n","protected":false},"excerpt":{"rendered":"","protected":false},"author":2,"featured_media":2806,"comment_status":"open","ping_status":"open","sticky":false,"template":"","format":"standard","meta":{"footnotes":""},"categories":[3],"tags":[],"class_list":["post-2805","post","type-post","status-publish","format-standard","has-post-thumbnail","hentry","category-yarislar"],"_links":{"self":[{"href":"https:\/\/thegidon.com\/tr\/wp-json\/wp\/v2\/posts\/2805","targetHints":{"allow":["GET"]}}],"collection":[{"href":"https:\/\/thegidon.com\/tr\/wp-json\/wp\/v2\/posts"}],"about":[{"href":"https:\/\/thegidon.com\/tr\/wp-json\/wp\/v2\/types\/post"}],"author":[{"embeddable":true,"href":"https:\/\/thegidon.com\/tr\/wp-json\/wp\/v2\/users\/2"}],"replies":[{"embeddable":true,"href":"https:\/\/thegidon.com\/tr\/wp-json\/wp\/v2\/comments?post=2805"}],"version-history":[{"count":1,"href":"https:\/\/thegidon.com\/tr\/wp-json\/wp\/v2\/posts\/2805\/revisions"}],"predecessor-version":[{"id":2807,"href":"https:\/\/thegidon.com\/tr\/wp-json\/wp\/v2\/posts\/2805\/revisions\/2807"}],"wp:featuredmedia":[{"embeddable":true,"href":"https:\/\/thegidon.com\/tr\/wp-json\/wp\/v2\/media\/2806"}],"wp:attachment":[{"href":"https:\/\/thegidon.com\/tr\/wp-json\/wp\/v2\/media?parent=2805"}],"wp:term":[{"taxonomy":"category","embeddable":true,"href":"https:\/\/thegidon.com\/tr\/wp-json\/wp\/v2\/categories?post=2805"},{"taxonomy":"post_tag","embeddable":true,"href":"https:\/\/thegidon.com\/tr\/wp-json\/wp\/v2\/tags?post=2805"}],"curies":[{"name":"wp","href":"https:\/\/api.w.org\/{rel}","templated":true}]}}