{"id":2808,"date":"2024-10-04T17:00:31","date_gmt":"2024-10-04T14:00:31","guid":{"rendered":"https:\/\/thegidon.com\/tr\/?p=2808"},"modified":"2024-10-04T17:00:31","modified_gmt":"2024-10-04T14:00:31","slug":"ingiltere-bisiklet-turu-tour-of-britain","status":"publish","type":"post","link":"https:\/\/thegidon.com\/tr\/2024\/10\/04\/ingiltere-bisiklet-turu-tour-of-britain\/","title":{"rendered":"\u0130ngiltere Bisiklet Turu Tour of Britain"},"content":{"rendered":"<div class=\"fusion-fullwidth fullwidth-box fusion-builder-row-1 fusion-flex-container has-pattern-background has-mask-background nonhundred-percent-fullwidth non-hundred-percent-height-scrolling\" style=\"--awb-border-radius-top-left:0px;--awb-border-radius-top-right:0px;--awb-border-radius-bottom-right:0px;--awb-border-radius-bottom-left:0px;--awb-flex-wrap:wrap;\" ><div class=\"fusion-builder-row fusion-row fusion-flex-align-items-flex-start fusion-flex-content-wrap\" style=\"max-width:1302px;margin-left: calc(-5% \/ 2 );margin-right: calc(-5% \/ 2 );\"><div class=\"fusion-layout-column fusion_builder_column fusion-builder-column-0 fusion_builder_column_1_1 1_1 fusion-flex-column\" style=\"--awb-bg-size:cover;--awb-width-large:100%;--awb-margin-top-large:0px;--awb-spacing-right-large:2.375%;--awb-margin-bottom-large:0px;--awb-spacing-left-large:2.375%;--awb-width-medium:100%;--awb-order-medium:0;--awb-spacing-right-medium:2.375%;--awb-spacing-left-medium:2.375%;--awb-width-small:100%;--awb-order-small:0;--awb-spacing-right-small:2.375%;--awb-spacing-left-small:2.375%;\"><div class=\"fusion-column-wrapper fusion-column-has-shadow fusion-flex-justify-content-flex-start fusion-content-layout-column\"><div class=\"fusion-text fusion-text-1\"><p><strong>Tour of Britain<\/strong>, Birle\u015fik Krall\u0131k&#8217;ta her y\u0131l d\u00fczenlenen ve UCI ProSeries takvimine dahil olan \u00e7ok etapl\u0131 bir yol bisiklet yar\u0131\u015f\u0131d\u0131r. \u0130lk olarak 1945 y\u0131l\u0131nda ger\u00e7ekle\u015ftirilen bu yar\u0131\u015f, y\u0131llar i\u00e7inde \u00e7e\u015fitli formatlar ve d\u00fczenlemelerle evrim ge\u00e7irmi\u015ftir. 2004 y\u0131l\u0131ndan itibaren modern format\u0131nda yeniden ba\u015flat\u0131lm\u0131\u015ft\u0131r ve g\u00fcn\u00fcm\u00fczde hem yerel hem de uluslararas\u0131 bisiklet\u00e7iler i\u00e7in \u00f6nemli bir etkinlik haline gelmi\u015ftir.<\/p>\n<p>Tour of Britain genellikle 8 etap s\u00fcrer ve parkurlar, d\u00fcz etaplardan da\u011f t\u0131rman\u0131\u015flar\u0131na kadar \u00e7e\u015fitlilik g\u00f6sterir. Yar\u0131\u015f, Birle\u015fik Krall\u0131k&#8217;\u0131n \u00e7e\u015fitli b\u00f6lgelerinden ge\u00e7erken, kat\u0131l\u0131mc\u0131lara farkl\u0131 zorluk seviyeleri sunar. Genel klasman lideri, yar\u0131\u015f boyunca giydi\u011fi <strong>ye\u015fil mayo<\/strong> (maillot vert) ile temsil edilir. Bu mayo, liderlik pozisyonunu ve genel klasman ba\u015far\u0131s\u0131n\u0131 simgeler.<\/p>\n<p>Tour of Britain, Birle\u015fik Krall\u0131k\u2019taki bisiklet sporunun tan\u0131t\u0131m\u0131nda \u00f6nemli bir rol oynamaktad\u0131r. Yar\u0131\u015f, \u00fclke genelindeki bisiklet k\u00fclt\u00fcr\u00fcn\u00fc geli\u015ftirmek ve yerel yetenekleri te\u015fvik etmek amac\u0131yla d\u00fczenlenir. Bir\u00e7ok \u00fcnl\u00fc bisiklet\u00e7i, bu yar\u0131\u015fta zafer elde etmi\u015f ve uluslararas\u0131 arenada kendilerini g\u00f6stermi\u015ftir. \u00d6zellikle <strong>Mark Cavendish<\/strong>, <strong>Bradley Wiggins<\/strong> ve <strong>Chris Froome<\/strong> gibi isimler, bu yar\u0131\u015fta dikkat \u00e7ekmi\u015f ve kariyerlerinde \u00f6nemli ad\u0131mlar atm\u0131\u015ft\u0131r.<\/p>\n<p>Tour of Britain, d\u00fczenlendi\u011fi her y\u0131l, yerel ekonomilere b\u00fcy\u00fck katk\u0131 sa\u011flamaktad\u0131r. Yar\u0131\u015f, binlerce yerli ve yabanc\u0131 turistin b\u00f6lgeye gelmesine neden olur ve bu da konaklama, yiyecek ve ula\u015f\u0131m sekt\u00f6rlerini canland\u0131r\u0131r. Ayr\u0131ca, yar\u0131\u015f\u0131n televizyon yay\u0131nlar\u0131 ve medya kapsam\u0131, Birle\u015fik Krall\u0131k\u2019\u0131n do\u011fal g\u00fczelliklerini ve k\u00fclt\u00fcrel zenginliklerini d\u00fcnya \u00e7ap\u0131nda tan\u0131tmaktad\u0131r.<\/p>\n<\/div><\/div><\/div><\/div><\/div>\n","protected":false},"excerpt":{"rendered":"","protected":false},"author":2,"featured_media":2809,"comment_status":"open","ping_status":"open","sticky":false,"template":"","format":"standard","meta":{"footnotes":""},"categories":[3],"tags":[],"class_list":["post-2808","post","type-post","status-publish","format-standard","has-post-thumbnail","hentry","category-yarislar"],"_links":{"self":[{"href":"https:\/\/thegidon.com\/tr\/wp-json\/wp\/v2\/posts\/2808","targetHints":{"allow":["GET"]}}],"collection":[{"href":"https:\/\/thegidon.com\/tr\/wp-json\/wp\/v2\/posts"}],"about":[{"href":"https:\/\/thegidon.com\/tr\/wp-json\/wp\/v2\/types\/post"}],"author":[{"embeddable":true,"href":"https:\/\/thegidon.com\/tr\/wp-json\/wp\/v2\/users\/2"}],"replies":[{"embeddable":true,"href":"https:\/\/thegidon.com\/tr\/wp-json\/wp\/v2\/comments?post=2808"}],"version-history":[{"count":1,"href":"https:\/\/thegidon.com\/tr\/wp-json\/wp\/v2\/posts\/2808\/revisions"}],"predecessor-version":[{"id":2810,"href":"https:\/\/thegidon.com\/tr\/wp-json\/wp\/v2\/posts\/2808\/revisions\/2810"}],"wp:featuredmedia":[{"embeddable":true,"href":"https:\/\/thegidon.com\/tr\/wp-json\/wp\/v2\/media\/2809"}],"wp:attachment":[{"href":"https:\/\/thegidon.com\/tr\/wp-json\/wp\/v2\/media?parent=2808"}],"wp:term":[{"taxonomy":"category","embeddable":true,"href":"https:\/\/thegidon.com\/tr\/wp-json\/wp\/v2\/categories?post=2808"},{"taxonomy":"post_tag","embeddable":true,"href":"https:\/\/thegidon.com\/tr\/wp-json\/wp\/v2\/tags?post=2808"}],"curies":[{"name":"wp","href":"https:\/\/api.w.org\/{rel}","templated":true}]}}