{"id":2811,"date":"2024-10-04T17:03:44","date_gmt":"2024-10-04T14:03:44","guid":{"rendered":"https:\/\/thegidon.com\/tr\/?p=2811"},"modified":"2024-10-04T17:03:44","modified_gmt":"2024-10-04T14:03:44","slug":"turkiye-bisiklet-turu-tour-of-turkey","status":"publish","type":"post","link":"https:\/\/thegidon.com\/tr\/2024\/10\/04\/turkiye-bisiklet-turu-tour-of-turkey\/","title":{"rendered":"T\u00fcrkiye Bisiklet Turu Tour of Turkey"},"content":{"rendered":"<div class=\"fusion-fullwidth fullwidth-box fusion-builder-row-1 fusion-flex-container has-pattern-background has-mask-background nonhundred-percent-fullwidth non-hundred-percent-height-scrolling\" style=\"--awb-border-radius-top-left:0px;--awb-border-radius-top-right:0px;--awb-border-radius-bottom-right:0px;--awb-border-radius-bottom-left:0px;--awb-flex-wrap:wrap;\" ><div class=\"fusion-builder-row fusion-row fusion-flex-align-items-flex-start fusion-flex-content-wrap\" style=\"max-width:1302px;margin-left: calc(-5% \/ 2 );margin-right: calc(-5% \/ 2 );\"><div class=\"fusion-layout-column fusion_builder_column fusion-builder-column-0 fusion_builder_column_1_1 1_1 fusion-flex-column\" style=\"--awb-bg-size:cover;--awb-width-large:100%;--awb-margin-top-large:0px;--awb-spacing-right-large:2.375%;--awb-margin-bottom-large:0px;--awb-spacing-left-large:2.375%;--awb-width-medium:100%;--awb-order-medium:0;--awb-spacing-right-medium:2.375%;--awb-spacing-left-medium:2.375%;--awb-width-small:100%;--awb-order-small:0;--awb-spacing-right-small:2.375%;--awb-spacing-left-small:2.375%;\"><div class=\"fusion-column-wrapper fusion-column-has-shadow fusion-flex-justify-content-flex-start fusion-content-layout-column\"><div class=\"fusion-text fusion-text-1\"><p><strong>Tour of Turkey<\/strong> (T\u00fcrkiye Turu), her y\u0131l T\u00fcrkiye\u2019de d\u00fczenlenen ve UCI ProSeries takvimine dahil olan \u00e7ok etapl\u0131 bir yol bisiklet yar\u0131\u015f\u0131d\u0131r. \u0130lk olarak 1963 y\u0131l\u0131nda ger\u00e7ekle\u015ftirilen bu yar\u0131\u015f, T\u00fcrkiye\u2019nin \u00e7e\u015fitli b\u00f6lgelerini kapsayan parkurlar\u0131yla dikkat \u00e7eker. Genellikle Nisan ay\u0131nda d\u00fczenlenen Tour of Turkey, hem yerel hem de uluslararas\u0131 bisiklet\u00e7ilerin kat\u0131l\u0131m\u0131na ev sahipli\u011fi yapar.<\/p>\n<p>Tour of Turkey, genellikle 8 ila 10 etap aras\u0131nda de\u011fi\u015fir. Yar\u0131\u015f\u0131n parkurlar\u0131, d\u00fcz etaplardan da\u011f t\u0131rman\u0131\u015flar\u0131na kadar \u00e7e\u015fitlilik g\u00f6sterir. Her bir etap, T\u00fcrkiye\u2019nin farkl\u0131 do\u011fal g\u00fczelliklerini ve tarihi yerlerini tan\u0131t\u0131rken, bisiklet\u00e7ilere de zorlu parkurlar sunar. Genel klasman lideri, yar\u0131\u015f boyunca giydi\u011fi <strong>ye\u015fil mayo<\/strong> (maillot vert) ile temsil edilir. Bu mayo, liderlik pozisyonunu ve genel ba\u015far\u0131y\u0131 simgeler.<\/p>\n<p>Tour of Turkey, T\u00fcrk bisiklet sporunun uluslararas\u0131 alanda tan\u0131t\u0131m\u0131 a\u00e7\u0131s\u0131ndan \u00f6nemli bir rol oynamaktad\u0131r. Yar\u0131\u015f, T\u00fcrk bisiklet\u00e7iler i\u00e7in uluslararas\u0131 arenada kendilerini g\u00f6sterme f\u0131rsat\u0131 sunarken, ayn\u0131 zamanda yabanc\u0131 bisiklet\u00e7ilerin de T\u00fcrkiye&#8217;yi tan\u0131mas\u0131na olanak sa\u011flar. <strong>Cadel Evans<\/strong>, <strong>Mark Cavendish<\/strong>, <strong>Fabio Aru<\/strong> gibi \u00fcnl\u00fc bisiklet\u00e7iler bu yar\u0131\u015fta ba\u015far\u0131 elde etmi\u015ftir.<\/p>\n<p>Tour of Turkey, d\u00fczenlendi\u011fi her y\u0131l yerel ekonomilere \u00f6nemli katk\u0131larda bulunmaktad\u0131r. Yar\u0131\u015f, binlerce yerli ve yabanc\u0131 turistin b\u00f6lgeye gelmesine neden olur, bu da konaklama, yiyecek ve ula\u015f\u0131m sekt\u00f6rlerini canland\u0131r\u0131r. Ayr\u0131ca, yar\u0131\u015f\u0131n televizyon yay\u0131nlar\u0131 ve medya kapsam\u0131, T\u00fcrkiye\u2019nin do\u011fal g\u00fczelliklerini ve k\u00fclt\u00fcrel zenginliklerini d\u00fcnya \u00e7ap\u0131nda tan\u0131tmaktad\u0131r.<\/p>\n<\/div><\/div><\/div><\/div><\/div>\n","protected":false},"excerpt":{"rendered":"","protected":false},"author":2,"featured_media":2812,"comment_status":"open","ping_status":"open","sticky":false,"template":"","format":"standard","meta":{"footnotes":""},"categories":[3],"tags":[],"class_list":["post-2811","post","type-post","status-publish","format-standard","has-post-thumbnail","hentry","category-yarislar"],"_links":{"self":[{"href":"https:\/\/thegidon.com\/tr\/wp-json\/wp\/v2\/posts\/2811","targetHints":{"allow":["GET"]}}],"collection":[{"href":"https:\/\/thegidon.com\/tr\/wp-json\/wp\/v2\/posts"}],"about":[{"href":"https:\/\/thegidon.com\/tr\/wp-json\/wp\/v2\/types\/post"}],"author":[{"embeddable":true,"href":"https:\/\/thegidon.com\/tr\/wp-json\/wp\/v2\/users\/2"}],"replies":[{"embeddable":true,"href":"https:\/\/thegidon.com\/tr\/wp-json\/wp\/v2\/comments?post=2811"}],"version-history":[{"count":1,"href":"https:\/\/thegidon.com\/tr\/wp-json\/wp\/v2\/posts\/2811\/revisions"}],"predecessor-version":[{"id":2813,"href":"https:\/\/thegidon.com\/tr\/wp-json\/wp\/v2\/posts\/2811\/revisions\/2813"}],"wp:featuredmedia":[{"embeddable":true,"href":"https:\/\/thegidon.com\/tr\/wp-json\/wp\/v2\/media\/2812"}],"wp:attachment":[{"href":"https:\/\/thegidon.com\/tr\/wp-json\/wp\/v2\/media?parent=2811"}],"wp:term":[{"taxonomy":"category","embeddable":true,"href":"https:\/\/thegidon.com\/tr\/wp-json\/wp\/v2\/categories?post=2811"},{"taxonomy":"post_tag","embeddable":true,"href":"https:\/\/thegidon.com\/tr\/wp-json\/wp\/v2\/tags?post=2811"}],"curies":[{"name":"wp","href":"https:\/\/api.w.org\/{rel}","templated":true}]}}