{"id":306,"date":"2023-02-27T19:57:41","date_gmt":"2023-02-27T19:57:41","guid":{"rendered":"https:\/\/thegidon.com\/tr\/?p=306"},"modified":"2024-12-06T13:11:19","modified_gmt":"2024-12-06T10:11:19","slug":"bisikletin-toplumdaki-yeri","status":"publish","type":"post","link":"https:\/\/thegidon.com\/tr\/2023\/02\/27\/bisikletin-toplumdaki-yeri\/","title":{"rendered":"Bisikletin Toplumdaki Yeri"},"content":{"rendered":"<div class=\"fusion-fullwidth fullwidth-box fusion-builder-row-1 fusion-flex-container has-pattern-background has-mask-background nonhundred-percent-fullwidth non-hundred-percent-height-scrolling\" style=\"--awb-border-radius-top-left:0px;--awb-border-radius-top-right:0px;--awb-border-radius-bottom-right:0px;--awb-border-radius-bottom-left:0px;--awb-flex-wrap:wrap;\" ><div class=\"fusion-builder-row fusion-row fusion-flex-align-items-flex-start fusion-flex-content-wrap\" style=\"max-width:1302px;margin-left: calc(-5% \/ 2 );margin-right: calc(-5% \/ 2 );\"><div class=\"fusion-layout-column fusion_builder_column fusion-builder-column-0 fusion_builder_column_1_1 1_1 fusion-flex-column\" style=\"--awb-bg-size:cover;--awb-width-large:100%;--awb-margin-top-large:0px;--awb-spacing-right-large:2.375%;--awb-margin-bottom-large:0px;--awb-spacing-left-large:2.375%;--awb-width-medium:100%;--awb-order-medium:0;--awb-spacing-right-medium:2.375%;--awb-spacing-left-medium:2.375%;--awb-width-small:100%;--awb-order-small:0;--awb-spacing-right-small:2.375%;--awb-spacing-left-small:2.375%;\"><div class=\"fusion-column-wrapper fusion-column-has-shadow fusion-flex-justify-content-flex-start fusion-content-layout-column\"><div class=\"fusion-text fusion-text-1\"><div class=\"flex-shrink-0 flex flex-col relative items-end\">\n<div>\n<div class=\"pt-0.5 juice:pt-0\">\n<div class=\"gizmo-bot-avatar flex h-6 w-6 items-center justify-center overflow-hidden rounded-full juice:h-8 juice:w-8\">\n<div class=\"relative p-1 rounded-sm flex items-center justify-center bg-token-main-surface-primary text-token-text-primary h-6 w-6\"><\/div>\n<\/div>\n<\/div>\n<\/div>\n<\/div>\n<div class=\"group\/conversation-turn relative flex w-full min-w-0 flex-col agent-turn\">\n<div class=\"font-semibold select-none\"><\/div>\n<div class=\"flex-col gap-1 md:gap-3\">\n<div class=\"flex flex-grow flex-col max-w-full\">\n<div class=\"min-h-&#091;20px&#093; text-message flex flex-col items-start whitespace-pre-wrap break-words &#091;.text-message+&amp;&#093;:mt-5 juice:w-full juice:items-end overflow-x-auto gap-3\" dir=\"auto\" data-message-author-role=\"assistant\" data-message-id=\"f59f303a-76c6-422c-9d06-cb8d3f3473fd\">\n<div class=\"markdown prose w-full break-words dark:prose-invert dark\">\n<p>Bisikletin icad\u0131ndan bu yana, her zaman ucuz ve demokratik bir ula\u015f\u0131m arac\u0131 olmu\u015ftur. Otomobilin ortaya \u00e7\u0131kmas\u0131, baz\u0131 Bat\u0131 toplumlar\u0131nda bisiklet kullan\u0131m\u0131n\u0131n ta\u015f\u0131ma arac\u0131 olarak b\u00fcy\u00fcmesini yava\u015flatm\u0131\u015ft\u0131r; ancak \u00c7in ve G\u00fcneydo\u011fu Asya&#8217;da bisiklet hala \u00e7ok pop\u00fcler bir ula\u015f\u0131m arac\u0131 olarak kalm\u0131\u015ft\u0131r. Afrika ve birka\u00e7 Orta Avrupa \u00fclkesinde de bir\u00e7ok insan bisikletle seyahat etmektedir.<\/p>\n<p>1990&#8217;larda, sanayile\u015fmi\u015f \u00fclkelerdeki vatanda\u015flar ve \u015fehir planlamac\u0131lar\u0131 otomobilin kentsel ya\u015famdaki rol\u00fcn\u00fc sorgulamaya ba\u015flad\u0131lar; baz\u0131 g\u00f6zlemciler, Amerika Birle\u015fik Devletleri gibi \u00fclkelerdeki banliy\u00f6lerin yay\u0131lma sorununu do\u011frudan otomobil tabanl\u0131 planlama ve tasar\u0131mlar\u0131n y\u00fckseli\u015fine ba\u011flad\u0131lar. Critical Mass gibi uluslararas\u0131 gruplar, bisiklet i\u00e7in daha uygun trafik kurallar\u0131 ve \u015fehir tasar\u0131m\u0131n\u0131 te\u015fvik etmek amac\u0131yla kurulmu\u015ftur.<\/p>\n<\/div>\n<\/div>\n<\/div>\n<\/div>\n<\/div>\n<\/div><\/div><\/div><\/div><\/div>\n","protected":false},"excerpt":{"rendered":"<p>Elementum nulla turpis cursus. Integer liberos kusto euismod aene pretium faucibus &#8230;<\/p>\n","protected":false},"author":1,"featured_media":2947,"comment_status":"open","ping_status":"open","sticky":false,"template":"","format":"standard","meta":{"footnotes":""},"categories":[5],"tags":[65],"class_list":["post-306","post","type-post","status-publish","format-standard","has-post-thumbnail","hentry","category-bisikletin-tarihi","tag-bisiklet"],"_links":{"self":[{"href":"https:\/\/thegidon.com\/tr\/wp-json\/wp\/v2\/posts\/306","targetHints":{"allow":["GET"]}}],"collection":[{"href":"https:\/\/thegidon.com\/tr\/wp-json\/wp\/v2\/posts"}],"about":[{"href":"https:\/\/thegidon.com\/tr\/wp-json\/wp\/v2\/types\/post"}],"author":[{"embeddable":true,"href":"https:\/\/thegidon.com\/tr\/wp-json\/wp\/v2\/users\/1"}],"replies":[{"embeddable":true,"href":"https:\/\/thegidon.com\/tr\/wp-json\/wp\/v2\/comments?post=306"}],"version-history":[{"count":2,"href":"https:\/\/thegidon.com\/tr\/wp-json\/wp\/v2\/posts\/306\/revisions"}],"predecessor-version":[{"id":2082,"href":"https:\/\/thegidon.com\/tr\/wp-json\/wp\/v2\/posts\/306\/revisions\/2082"}],"wp:featuredmedia":[{"embeddable":true,"href":"https:\/\/thegidon.com\/tr\/wp-json\/wp\/v2\/media\/2947"}],"wp:attachment":[{"href":"https:\/\/thegidon.com\/tr\/wp-json\/wp\/v2\/media?parent=306"}],"wp:term":[{"taxonomy":"category","embeddable":true,"href":"https:\/\/thegidon.com\/tr\/wp-json\/wp\/v2\/categories?post=306"},{"taxonomy":"post_tag","embeddable":true,"href":"https:\/\/thegidon.com\/tr\/wp-json\/wp\/v2\/tags?post=306"}],"curies":[{"name":"wp","href":"https:\/\/api.w.org\/{rel}","templated":true}]}}